{"id":182516,"date":"2025-12-10T09:08:29","date_gmt":"2025-12-10T09:08:29","guid":{"rendered":"https:\/\/www.europesays.com\/pt\/182516\/"},"modified":"2025-12-10T09:08:29","modified_gmt":"2025-12-10T09:08:29","slug":"se-fosse-eu-nao-teria-comecado-o-campeonato-com-este-plantel","status":"publish","type":"post","link":"https:\/\/www.europesays.com\/pt\/182516\/","title":{"rendered":"\u00abSe fosse eu, n\u00e3o teria come\u00e7ado o campeonato com este plantel\u00bb"},"content":{"rendered":"<p>&#8211; Advertisement &#8211;<\/p>\n<p><strong>Jos\u00e9 Mourinho projeta Benfica x N\u00e1poles. \u00c1guias recebem esta quarta-feira emblema italiano na Champions League.<\/strong><\/p>\n<p>Jos\u00e9 Mourinho j\u00e1 fez a antevis\u00e3o ao Benfica x N\u00e1poles, jogo a contar para a sexta jornada da fase de liga da <a href=\"https:\/\/bolanarede.pt\/etiqueta\/champions-league\/\" target=\"_blank\" rel=\"noreferrer noopener nofollow\">Champions League<\/a>. Em confer\u00eancia de imprensa, o t\u00e9cnico das \u00e1guias falou dos \u00abses\u00bb.<\/p>\n<p>\u00abN\u00e3o sei se estaria melhor se tivesse come\u00e7ado, ou se estaria pior. \u00c9 uma leviandade diz\u00ea-lo. N\u00e3o quero entrar por a\u00ed, n\u00e3o me sinto confort\u00e1vel. Se fosse eu, n\u00e3o teria come\u00e7ado o campeonato com este plantel, mas n\u00e3o fui eu. Foi o treinador anterior que decidiu e pediu. Se continuasse, poderia estar melhor, talvez sim, talvez n\u00e3o. \u00c9 uma leviandade esse tipo de coment\u00e1rios. N\u00e3o sou capaz de dizer que comigo est\u00e1 melhor ou pior\u00bb.<\/p>\n<p><a href=\"https:\/\/bolanarede.pt\/especial-bola-na-rede\/atualidade\/jose-mourinho-infelizmente-para-nos-o-napoles-joga-de-forma-diferente-do-inicio-da-epoca\/\" target=\"_blank\" rel=\"noreferrer noopener nofollow\">L\u00ea toda a confer\u00eancia de imprensa de Jos\u00e9 Mourinho. <\/a><\/p>\n","protected":false},"excerpt":{"rendered":"&#8211; Advertisement &#8211; Jos\u00e9 Mourinho projeta Benfica x N\u00e1poles. \u00c1guias recebem esta quarta-feira emblema italiano na Champions League.&hellip;\n","protected":false},"author":2,"featured_media":182517,"comment_status":"","ping_status":"","sticky":false,"template":"","format":"standard","meta":{"footnotes":""},"categories":[8],"tags":[260,27,28,1230,478,15,16,14,1385,25,26,21,22,2100,12,13,19,20,32,23,24,33,17,18,29,30,31],"class_list":{"0":"post-182516","1":"post","2":"type-post","3":"status-publish","4":"format-standard","5":"has-post-thumbnail","7":"category-principais-noticias","8":"tag-atualidade","9":"tag-breaking-news","10":"tag-breakingnews","11":"tag-champions-league","12":"tag-destaques-bnr","13":"tag-featured-news","14":"tag-featurednews","15":"tag-headlines","16":"tag-jose-mourinho","17":"tag-latest-news","18":"tag-latestnews","19":"tag-main-news","20":"tag-mainnews","21":"tag-napoles","22":"tag-news","23":"tag-noticias","24":"tag-noticias-principais","25":"tag-noticiasprincipais","26":"tag-portugal","27":"tag-principais-noticias","28":"tag-principaisnoticias","29":"tag-pt","30":"tag-top-stories","31":"tag-topstories","32":"tag-ultimas","33":"tag-ultimas-noticias","34":"tag-ultimasnoticias"},"share_on_mastodon":{"url":"https:\/\/pubeurope.com\/@pt\/115694489988123964","error":""},"_links":{"self":[{"href":"https:\/\/www.europesays.com\/pt\/wp-json\/wp\/v2\/posts\/182516","targetHints":{"allow":["GET"]}}],"collection":[{"href":"https:\/\/www.europesays.com\/pt\/wp-json\/wp\/v2\/posts"}],"about":[{"href":"https:\/\/www.europesays.com\/pt\/wp-json\/wp\/v2\/types\/post"}],"author":[{"embeddable":true,"href":"https:\/\/www.europesays.com\/pt\/wp-json\/wp\/v2\/users\/2"}],"replies":[{"embeddable":true,"href":"https:\/\/www.europesays.com\/pt\/wp-json\/wp\/v2\/comments?post=182516"}],"version-history":[{"count":0,"href":"https:\/\/www.europesays.com\/pt\/wp-json\/wp\/v2\/posts\/182516\/revisions"}],"wp:featuredmedia":[{"embeddable":true,"href":"https:\/\/www.europesays.com\/pt\/wp-json\/wp\/v2\/media\/182517"}],"wp:attachment":[{"href":"https:\/\/www.europesays.com\/pt\/wp-json\/wp\/v2\/media?parent=182516"}],"wp:term":[{"taxonomy":"category","embeddable":true,"href":"https:\/\/www.europesays.com\/pt\/wp-json\/wp\/v2\/categories?post=182516"},{"taxonomy":"post_tag","embeddable":true,"href":"https:\/\/www.europesays.com\/pt\/wp-json\/wp\/v2\/tags?post=182516"}],"curies":[{"name":"wp","href":"https:\/\/api.w.org\/{rel}","templated":true}]}}