{"id":182529,"date":"2025-12-10T09:20:08","date_gmt":"2025-12-10T09:20:08","guid":{"rendered":"https:\/\/www.europesays.com\/pt\/182529\/"},"modified":"2025-12-10T09:20:08","modified_gmt":"2025-12-10T09:20:08","slug":"filha-de-maria-corina-machado-recebera-premio-nobel-da-paz-atribuido-a-mae","status":"publish","type":"post","link":"https:\/\/www.europesays.com\/pt\/182529\/","title":{"rendered":"Filha de Maria Corina Machado receber\u00e1 Pr\u00e9mio Nobel da Paz atribu\u00eddo \u00e0 m\u00e3e"},"content":{"rendered":"<p>                O an\u00fancio foi feito pelo diretor do Instituto Nobel noruegu\u00eas.<br \/>\n<b><br \/>&#13;<br \/>\n&#8220;Ser\u00e1 a sua filha, Ana Corina Machado, que receber\u00e1 o pr\u00e9mio em nome da m\u00e3e&#8221;<\/b>, declarou Kristian Berg Harpviken ao microfone da r\u00e1dio norueguesa NRK. <\/p>\n<p>&#13;<br \/>\nO respons\u00e1vel esclareceu ainda que a filha ir\u00e1 proferir &#8220;o discurso que a pr\u00f3pria Maria Corina escreveu&#8221; e acrescentou que n\u00e3o se sabe onde se encontra a l\u00edder da oposi\u00e7\u00e3o venezuelana. <b>&#8220;Simplesmente n\u00e3o se sabe onde ela est\u00e1 exatamente&#8221;<\/b>, afirmou Kristian Berg Harpviken na mesma entrevista.\u00a0&#13;<br \/>\nO Pr\u00e9mio Nobel da Paz foi atribu\u00eddo no dia 10 de outubro pelos esfor\u00e7os &#13;<br \/>\nde Corina Machado para promover uma transi\u00e7\u00e3o democr\u00e1tica na Venezuela.&#13;\n<\/p>\n<p>&#13;<br \/>\nCorina Machado est\u00e1 sujeita a uma proibi\u00e7\u00e3o de viagens imposta pelas autoridades venezuelanas desde h\u00e1 uma d\u00e9cada e permanece em parte incerta h\u00e1 mais de um ano.\u00a0&#13;\n<\/p>\n<p>&#13;<br \/>\nEm agosto de 2024, Corina Machado, de 58 anos, entrou na clandestinidade poucos dias depois da \u00faltima elei\u00e7\u00e3o presidencial, em que foi impedida de se candidatar. A \u00faltima apari\u00e7\u00e3o p\u00fablica foi a 9 de janeiro, numa manifesta\u00e7\u00e3o em Caracas contra a tomada de posse de Nicol\u00e1s Maduro.&#13;\n<\/p>\n<p>&#13;<br \/>\nEm novembro, o procurador-geral da Venezuela, alinhado com Nicol\u00e1s Maduro, tinha afirmado \u00e0 ag\u00eancia France Presse que, em caso de sa\u00edda do pa\u00eds, a opositora seria considerada &#8220;foragida&#8221;.&#13;\n<\/p>\n<p>Mesmo quando o laureado n\u00e3o comparece, a cerim\u00f3nia decorre com a sua substitui\u00e7\u00e3o por parte de um membro da fam\u00edlia. Em 2023, por exemplo, a ativista iraniana\u00a0Narges Mohammadi, que foi galardoada com o Pr\u00e9mio Nobel da Paz desse ano, foi representada pelos filhos em Oslo.<\/p>\n<p>&#13;<br \/>\n<b>A cerim\u00f3nia come\u00e7a \u00e0s 13h00 locais (12h00 em Portugal &#13;<br \/>\nContinental) na C\u00e2mara Municipal de Oslo e contar\u00e1 com a presen\u00e7a de &#13;<br \/>\nv\u00e1rios l\u00edderes latino-americanos<\/b>, incluindo o presidente argentino &#13;<br \/>\nJavier Milei, o presidente equatoriano Daniel Noboa, o paraguaio Santiago Orena e o panamiano Jos\u00e9 Ra\u00fal Mulino.\u00a0&#13;<\/p>\n","protected":false},"excerpt":{"rendered":"O an\u00fancio foi feito pelo diretor do Instituto Nobel noruegu\u00eas. &#13; &#8220;Ser\u00e1 a sua filha, Ana Corina Machado,&hellip;\n","protected":false},"author":2,"featured_media":182530,"comment_status":"","ping_status":"","sticky":false,"template":"","format":"standard","meta":{"footnotes":""},"categories":[50],"tags":[27,28,15,16,14,25,26,21,22,29493,62,12,11311,13,19,20,806,23,24,17,18,29,30,31,3023,63,64,65],"class_list":{"0":"post-182529","1":"post","2":"type-post","3":"status-publish","4":"format-standard","5":"has-post-thumbnail","7":"category-mundo","8":"tag-breaking-news","9":"tag-breakingnews","10":"tag-featured-news","11":"tag-featurednews","12":"tag-headlines","13":"tag-latest-news","14":"tag-latestnews","15":"tag-main-news","16":"tag-mainnews","17":"tag-maria-corina-machado","18":"tag-mundo","19":"tag-news","20":"tag-nobel","21":"tag-noticias","22":"tag-noticias-principais","23":"tag-noticiasprincipais","24":"tag-paz","25":"tag-principais-noticias","26":"tag-principaisnoticias","27":"tag-top-stories","28":"tag-topstories","29":"tag-ultimas","30":"tag-ultimas-noticias","31":"tag-ultimasnoticias","32":"tag-venezuela","33":"tag-world","34":"tag-world-news","35":"tag-worldnews"},"share_on_mastodon":{"url":"https:\/\/pubeurope.com\/@pt\/115694536327644022","error":""},"_links":{"self":[{"href":"https:\/\/www.europesays.com\/pt\/wp-json\/wp\/v2\/posts\/182529","targetHints":{"allow":["GET"]}}],"collection":[{"href":"https:\/\/www.europesays.com\/pt\/wp-json\/wp\/v2\/posts"}],"about":[{"href":"https:\/\/www.europesays.com\/pt\/wp-json\/wp\/v2\/types\/post"}],"author":[{"embeddable":true,"href":"https:\/\/www.europesays.com\/pt\/wp-json\/wp\/v2\/users\/2"}],"replies":[{"embeddable":true,"href":"https:\/\/www.europesays.com\/pt\/wp-json\/wp\/v2\/comments?post=182529"}],"version-history":[{"count":0,"href":"https:\/\/www.europesays.com\/pt\/wp-json\/wp\/v2\/posts\/182529\/revisions"}],"wp:featuredmedia":[{"embeddable":true,"href":"https:\/\/www.europesays.com\/pt\/wp-json\/wp\/v2\/media\/182530"}],"wp:attachment":[{"href":"https:\/\/www.europesays.com\/pt\/wp-json\/wp\/v2\/media?parent=182529"}],"wp:term":[{"taxonomy":"category","embeddable":true,"href":"https:\/\/www.europesays.com\/pt\/wp-json\/wp\/v2\/categories?post=182529"},{"taxonomy":"post_tag","embeddable":true,"href":"https:\/\/www.europesays.com\/pt\/wp-json\/wp\/v2\/tags?post=182529"}],"curies":[{"name":"wp","href":"https:\/\/api.w.org\/{rel}","templated":true}]}}