{"id":182537,"date":"2025-12-10T09:30:14","date_gmt":"2025-12-10T09:30:14","guid":{"rendered":"https:\/\/www.europesays.com\/pt\/182537\/"},"modified":"2025-12-10T09:30:14","modified_gmt":"2025-12-10T09:30:14","slug":"petter-solberg-pode-criar-equipa-no-mundial-de-ralis","status":"publish","type":"post","link":"https:\/\/www.europesays.com\/pt\/182537\/","title":{"rendered":"Petter Solberg pode criar equipa no Mundial de Ralis"},"content":{"rendered":"<p><strong>Campe\u00e3o de 2003 estuda entrada no WRC com eventual apoio da Subaru\u2026<\/strong><\/p>\n<p>O Campe\u00e3o do Mundo de Ralis de 2003, Petter Solberg, est\u00e1 a preparar um projeto para regressar ao Campeonato do Mundo de Ralis (WRC), desta vez como respons\u00e1vel de uma equipa. A revela\u00e7\u00e3o foi feita pelo pr\u00f3prio ao jornal noruegu\u00eas Parkferme.no, confirmando conversa\u00e7\u00f5es em curso, ainda que admitindo que n\u00e3o h\u00e1 compromissos firmados.<\/p>\n<p>\u201cTemos trabalhado neste projeto h\u00e1 bastante tempo, mas n\u00e3o se pode for\u00e7ar nada a acontecer. \u00c9 preciso dar um passo de cada vez\u201d, afirmou Solberg, de 51 anos, sublinhando que \u201cainda est\u00e1 tudo longe de se concretizar sem um contrato assinado\u201d.<\/p>\n<p><strong>Poss\u00edvel liga\u00e7\u00e3o \u00e0 Subaru<\/strong><\/p>\n<p>V\u00e1rios rumores indicam que Solberg poder\u00e1 estar em negocia\u00e7\u00e3o com a Subaru, marca com a qual conquistou o t\u00edtulo mundial h\u00e1 22 anos. A hip\u00f3tese ganha for\u00e7a numa altura em que a fabricante japonesa \u00e9 apontada como potencial candidata ao regresso oficial ao WRC, especialmente ap\u00f3s declara\u00e7\u00f5es recentes de respons\u00e1veis da empresa sobre um poss\u00edvel refor\u00e7o do envolvimento na competi\u00e7\u00e3o.<\/p>\n<p>Entre as v\u00e1rias alternativas, surge tamb\u00e9m a possibilidade de uma colabora\u00e7\u00e3o com a Prodrive \u2014 estrutura brit\u00e2nica historicamente associada \u00e0 Subaru no passado recente do rali mundial, que \u00e9 bem mais complicada, pelo menos enquanto durar o projeto Dacia Sandriders.<\/p>\n<p>O AutoSport sabe que David Richards gostava de regressar ao WRC, mas somente se isso fizer sentido como projeto com uma marca, uma parceria, e n\u00e3o com a Prodrive como \u2018base\u2019 do projeto.<\/p>\n<p><strong>Reformula\u00e7\u00e3o t\u00e9cnica cria novas oportunidades<\/strong><\/p>\n<p>As atuais regras do WRC expiram no final de 2026, dando lugar a novos regulamentos t\u00e9cnicos a partir de 2027.<\/p>\n<p>A FIA pretende usar essa mudan\u00e7a para atrair mais construtores e equipas independentes \u00e0 categoria principal, o que poder\u00e1 abrir portas a novos projetos como o de Solberg: \u201cH\u00e1 muito envolvimento estrat\u00e9gico e de marketing neste processo. O mais importante \u00e9 garantir que o WRC tenha um bom futuro, com mais marcas, mais equipas e mais oportunidades para os pilotos\u201d, sublinhou o noruegu\u00eas.<\/p>\n<p><strong>Tradi\u00e7\u00e3o familiar mant\u00e9m-se viva<\/strong><\/p>\n<p>A fam\u00edlia Solberg continua fortemente ligada \u00e0 modalidade. Oliver Solberg, filho de Petter e Pernilla, vai competir pela Toyota Gazoo Racing na categoria principal do WRC em 2026, consolidando o regresso da fam\u00edlia ao topo do automobilismo mundial. Enquanto isso, Petter Solberg prossegue as negocia\u00e7\u00f5es e trabalha nas suas instala\u00e7\u00f5es em Torsby, Su\u00e9cia, com o objetivo de ver o seu projeto tornar-se realidade antes da pr\u00f3xima grande mudan\u00e7a de regulamentos.<\/p>\n","protected":false},"excerpt":{"rendered":"Campe\u00e3o de 2003 estuda entrada no WRC com eventual apoio da Subaru\u2026 O Campe\u00e3o do Mundo de Ralis&hellip;\n","protected":false},"author":2,"featured_media":182538,"comment_status":"","ping_status":"","sticky":false,"template":"","format":"standard","meta":{"footnotes":""},"categories":[87],"tags":[135,718,37286,32,33,5278,134,2701],"class_list":{"0":"post-182537","1":"post","2":"type-post","3":"status-publish","4":"format-standard","5":"has-post-thumbnail","7":"category-desporto","8":"tag-desporto","9":"tag-newsletter","10":"tag-petter-solberg","11":"tag-portugal","12":"tag-pt","13":"tag-ralis","14":"tag-sports","15":"tag-wrc"},"share_on_mastodon":{"url":"https:\/\/pubeurope.com\/@pt\/115694575670603097","error":""},"_links":{"self":[{"href":"https:\/\/www.europesays.com\/pt\/wp-json\/wp\/v2\/posts\/182537","targetHints":{"allow":["GET"]}}],"collection":[{"href":"https:\/\/www.europesays.com\/pt\/wp-json\/wp\/v2\/posts"}],"about":[{"href":"https:\/\/www.europesays.com\/pt\/wp-json\/wp\/v2\/types\/post"}],"author":[{"embeddable":true,"href":"https:\/\/www.europesays.com\/pt\/wp-json\/wp\/v2\/users\/2"}],"replies":[{"embeddable":true,"href":"https:\/\/www.europesays.com\/pt\/wp-json\/wp\/v2\/comments?post=182537"}],"version-history":[{"count":0,"href":"https:\/\/www.europesays.com\/pt\/wp-json\/wp\/v2\/posts\/182537\/revisions"}],"wp:featuredmedia":[{"embeddable":true,"href":"https:\/\/www.europesays.com\/pt\/wp-json\/wp\/v2\/media\/182538"}],"wp:attachment":[{"href":"https:\/\/www.europesays.com\/pt\/wp-json\/wp\/v2\/media?parent=182537"}],"wp:term":[{"taxonomy":"category","embeddable":true,"href":"https:\/\/www.europesays.com\/pt\/wp-json\/wp\/v2\/categories?post=182537"},{"taxonomy":"post_tag","embeddable":true,"href":"https:\/\/www.europesays.com\/pt\/wp-json\/wp\/v2\/tags?post=182537"}],"curies":[{"name":"wp","href":"https:\/\/api.w.org\/{rel}","templated":true}]}}