{"id":182541,"date":"2025-12-10T09:38:14","date_gmt":"2025-12-10T09:38:14","guid":{"rendered":"https:\/\/www.europesays.com\/pt\/182541\/"},"modified":"2025-12-10T09:38:14","modified_gmt":"2025-12-10T09:38:14","slug":"inem-deixa-de-ter-ambulancias","status":"publish","type":"post","link":"https:\/\/www.europesays.com\/pt\/182541\/","title":{"rendered":"INEM deixa de ter ambul\u00e2ncias"},"content":{"rendered":"<p>O Instituto Nacional de Emerg\u00eancia M\u00e9dica (<a href=\"https:\/\/www.inem.pt\/\" target=\"_blank\" rel=\"noopener noreferrer nofollow\">INEM<\/a>) est\u00e1 \u2018em marcha de urg\u00eancia\u2019 para chegar \u00e0 \u201crefunda\u00e7\u00e3o\u201d pretendida pelo Governo e est\u00e3o previstas altera\u00e7\u00f5es profundas j\u00e1 a partir do in\u00edcio do ano. Os peritos nomeados e o novo presidente do instituto querem o INEM focado no essencial: receber pedidos de socorro e enviar ajuda, neste caso, s\u00f3 equipas. As ambul\u00e2ncias v\u00e3o ser todas dos bombeiros e de privados.<\/p>\n<p><a href=\"https:\/\/expresso.pt\/subscrever?action=GEN&amp;channel=BAF&amp;type=CAP&amp;source=WEB&amp;returnUrl=https:\/\/expresso.pt\/sociedade\/saude\/2025-12-10-inem-deixa-de-ter-ambulancias-2959eb32&amp;utm_source=expresso&amp;utm_medium=locked_article&amp;locked=true&amp;article_id=fe21936f-0d85-4437-81bb-b912b5514182&amp;author_id=Vera+L\u00facia+Arreigoso&amp;category=Sa\u00fade\" target=\"_self\" class=\"\" rel=\"nofollow noopener\">Subscrever<\/a>J\u00e1 \u00e9 Subscritor?Fa\u00e7a login e continue a ler<a href=\"http:\/\/expresso.pt\/codigo?redirectUrl=https:\/\/expresso.pt\/sociedade\/saude\/2025-12-10-inem-deixa-de-ter-ambulancias-2959eb32\" target=\"_self\" class=\"\" rel=\"nofollow noopener\">Inserir C\u00f3digo<\/a>Comprou o Expresso?Insira o c\u00f3digo presente na Revista E para continuar a ler<\/p>\n","protected":false},"excerpt":{"rendered":"O Instituto Nacional de Emerg\u00eancia M\u00e9dica (INEM) est\u00e1 \u2018em marcha de urg\u00eancia\u2019 para chegar \u00e0 \u201crefunda\u00e7\u00e3o\u201d pretendida pelo&hellip;\n","protected":false},"author":2,"featured_media":182542,"comment_status":"","ping_status":"","sticky":false,"template":"","format":"standard","meta":{"footnotes":""},"categories":[10],"tags":[27,28,15,16,14,25,26,21,22,12,13,19,20,32,23,24,33,17,18,29,30,31],"class_list":{"0":"post-182541","1":"post","2":"type-post","3":"status-publish","4":"format-standard","5":"has-post-thumbnail","7":"category-portugal","8":"tag-breaking-news","9":"tag-breakingnews","10":"tag-featured-news","11":"tag-featurednews","12":"tag-headlines","13":"tag-latest-news","14":"tag-latestnews","15":"tag-main-news","16":"tag-mainnews","17":"tag-news","18":"tag-noticias","19":"tag-noticias-principais","20":"tag-noticiasprincipais","21":"tag-portugal","22":"tag-principais-noticias","23":"tag-principaisnoticias","24":"tag-pt","25":"tag-top-stories","26":"tag-topstories","27":"tag-ultimas","28":"tag-ultimas-noticias","29":"tag-ultimasnoticias"},"share_on_mastodon":{"url":"https:\/\/pubeurope.com\/@pt\/115694606955405254","error":""},"_links":{"self":[{"href":"https:\/\/www.europesays.com\/pt\/wp-json\/wp\/v2\/posts\/182541","targetHints":{"allow":["GET"]}}],"collection":[{"href":"https:\/\/www.europesays.com\/pt\/wp-json\/wp\/v2\/posts"}],"about":[{"href":"https:\/\/www.europesays.com\/pt\/wp-json\/wp\/v2\/types\/post"}],"author":[{"embeddable":true,"href":"https:\/\/www.europesays.com\/pt\/wp-json\/wp\/v2\/users\/2"}],"replies":[{"embeddable":true,"href":"https:\/\/www.europesays.com\/pt\/wp-json\/wp\/v2\/comments?post=182541"}],"version-history":[{"count":0,"href":"https:\/\/www.europesays.com\/pt\/wp-json\/wp\/v2\/posts\/182541\/revisions"}],"wp:featuredmedia":[{"embeddable":true,"href":"https:\/\/www.europesays.com\/pt\/wp-json\/wp\/v2\/media\/182542"}],"wp:attachment":[{"href":"https:\/\/www.europesays.com\/pt\/wp-json\/wp\/v2\/media?parent=182541"}],"wp:term":[{"taxonomy":"category","embeddable":true,"href":"https:\/\/www.europesays.com\/pt\/wp-json\/wp\/v2\/categories?post=182541"},{"taxonomy":"post_tag","embeddable":true,"href":"https:\/\/www.europesays.com\/pt\/wp-json\/wp\/v2\/tags?post=182541"}],"curies":[{"name":"wp","href":"https:\/\/api.w.org\/{rel}","templated":true}]}}