{"id":182556,"date":"2025-12-10T09:57:10","date_gmt":"2025-12-10T09:57:10","guid":{"rendered":"https:\/\/www.europesays.com\/pt\/182556\/"},"modified":"2025-12-10T09:57:10","modified_gmt":"2025-12-10T09:57:10","slug":"stranger-things-se-despede-com-revelacoes-sobre-will-e-o-multiverso","status":"publish","type":"post","link":"https:\/\/www.europesays.com\/pt\/182556\/","title":{"rendered":"Stranger Things se despede com revela\u00e7\u00f5es sobre Will e o multiverso"},"content":{"rendered":"<p>A temporada final de\u00a0<strong>Stranger Things<\/strong>\u00a0marca o encerramento de uma das produ\u00e7\u00f5es mais populares da <strong>Netflix<\/strong>. A quinta parte da s\u00e9rie chegou \u00e0 plataforma em meio a grande expectativa e com uma estrat\u00e9gia de estreia dividida em etapas, retornando ao cen\u00e1rio de <strong>Hawkins <\/strong>diante de uma amea\u00e7a mais complexa.<\/p>\n<p>Como \u00e9 estruturada a temporada final de Stranger Things?<\/p>\n<p>A temporada final foi dividida em tr\u00eas partes, lan\u00e7adas em 2025, com foco gradual na escalada da amea\u00e7a sobre Hawkins e no papel ampliado de <strong>Holly Wheeler<\/strong> na trama.<\/p>\n<p>A <strong>parte 1<\/strong>\u00a0chegou em 26 de novembro com quatro cap\u00edtulos, cada um com mais de 50 minutos, alguns ultrapassando uma hora. A\u00a0<strong><strong>parte <\/strong>2<\/strong>\u00a0estreia no <strong>Natal de 2025<\/strong> com mais tr\u00eas epis\u00f3dios, enquanto a <strong><strong>parte <\/strong>3<\/strong>, previsto para 31 de dezembro, traz o oitavo e \u00faltimo cap\u00edtulo, encerrando oficialmente a hist\u00f3ria.<\/p>\n<p>Quais s\u00e3o os principais destaques da hist\u00f3ria em Stranger Things?<\/p>\n<p>Entre os destaques narrativos de\u00a0<strong>Stranger Things<\/strong>\u00a0est\u00e1 a mudan\u00e7a de foco de <strong>Vecna<\/strong>, que passa a mirar crian\u00e7as entre 9 e 11 anos. Holly Wheeler ganha import\u00e2ncia como espelho do que ocorreu com <strong>Will Byers<\/strong> em 1983, refor\u00e7ando o ciclo de desaparecimentos misteriosos e o clima de terror na pequena cidade.<\/p>\n<p>Outro ponto \u00e9 a reapari\u00e7\u00e3o da forma humana de Vecna, <strong>Henry Creel<\/strong>, sob identidade aparentemente inofensiva, aproximando-se das crian\u00e7as de Hawkins. A trama tamb\u00e9m amplia a discuss\u00e3o sobre o multiverso da s\u00e9rie, conectando o <strong>Mundo Invertido<\/strong> a outros planos.<\/p>\n<p><img loading=\"lazy\" decoding=\"async\" width=\"1024\" height=\"576\" src=\"data:image\/svg+xml,%3Csvg%20xmlns=\" http:=\"\" alt=\"Stranger Things se despede com revela\u00e7\u00f5es sobre Will e o multiverso\" class=\"wp-image-2226407\" data-lazy- data-lazy- data-lazy-src=\"https:\/\/www.europesays.com\/pt\/wp-content\/uploads\/2025\/12\/Screenshot_10-1024x576.png\"\/>Stranger Things termina com revela\u00e7\u00f5es sobre Will (Cr\u00e9ditos: Divulga\u00e7\u00e3o \/ Netflix)<\/p>\n<p>Quais mist\u00e9rios Stranger Things promete responder?<\/p>\n<p>A temporada final foi planejada para solucionar enigmas deixados desde a <a href=\"https:\/\/www.tupi.fm\/entretenimento\/serie-coreana-da-netflix-mistura-crime-drama-psicologico-e-suspense-legal\/\" target=\"_blank\" rel=\"noreferrer noopener nofollow\">primeira temporada<\/a>, com foco na coer\u00eancia entre passado e presente. Tr\u00eas frentes se destacam: o motivo de Will ter sido levado em 1983, a verdadeira natureza do Mundo Invertido e a extens\u00e3o dos novos poderes de Will.<\/p>\n<p>Na parte 2, o sequestro de Will \u00e9 conectado \u00e0 situa\u00e7\u00e3o de Holly Wheeler, refor\u00e7ando o conceito de hist\u00f3rias refletidas. O entendimento do Mundo Invertido \u00e9 aprofundado logo no in\u00edcio dessa fase, incluindo sua rela\u00e7\u00e3o com criaturas como o <strong>Mind Flayer<\/strong> e com o v\u00ednculo singular entre Will, Vecna e as demais dimens\u00f5es exploradas.<\/p>\n<p>Se voc\u00ea quer sentir o clima dessa despedida e ter um gostinho do que vem por a\u00ed, o trailer divulgado no canal oficial da <strong>Netflix<\/strong>, que j\u00e1 soma mais de <strong>5 milh\u00f5es de visualiza\u00e7\u00e3o<\/strong>, ajuda a entender o tom da \u00faltima temporada. As imagens j\u00e1 d\u00e3o pistas da amea\u00e7a, do peso emocional e do que Hawkins ainda vai enfrentar:<\/p>\n<p>Como \u00e9 a estrat\u00e9gia de lan\u00e7amento de Stranger Things?<\/p>\n<p>A estrat\u00e9gia da Netflix para\u00a0<strong>Stranger Things<\/strong>\u00a0vai al\u00e9m do streaming, com divis\u00e3o em partes e exibi\u00e7\u00e3o especial do epis\u00f3dio final em cinemas da Am\u00e9rica do Norte. As sess\u00f5es come\u00e7am na noite de 31 de dezembro e seguem para 1\u00ba de janeiro, transformando o encerramento da s\u00e9rie em um evento coletivo de Ano Novo.<\/p>\n<p>Essa divis\u00e3o em tr\u00eas partes influencia diretamente a experi\u00eancia dos f\u00e3s e o comportamento nas redes sociais, intensificando a expectativa entre cada lan\u00e7amento. A seguir, alguns efeitos pr\u00e1ticos dessa estrat\u00e9gia de estreias parceladas ao longo de 2025:<\/p>\n<ul class=\"wp-block-list\">\n<li>Prolongamento do interesse pela franquia e das discuss\u00f5es semanais sobre teorias e mist\u00e9rios.<\/li>\n<li>Maior tempo para revisitar temporadas anteriores e acompanhar entrevistas e materiais extras.<\/li>\n<li>Cria\u00e7\u00e3o de eventos da comunidade de f\u00e3s em estreias de partes e na exibi\u00e7\u00e3o cinematogr\u00e1fica do \u00faltimo epis\u00f3dio.<\/li>\n<\/ul>\n<p>Qual \u00e9 o legado de Stranger Things para o universo da s\u00e9rie?<\/p>\n<p>A temporada final busca encerrar a hist\u00f3ria principal sem descartar expans\u00f5es futuras do universo de\u00a0Stranger Things. Refer\u00eancias \u00e0 montagem teatral e a poss\u00edveis spin-offs apontam para novas narrativas em torno de Hawkins, do Mundo Invertido e de personagens secund\u00e1rios que ganharam destaque.<\/p>\n<p>Ao conectar tramas paralelas, esclarecer a origem dos poderes e concluir o arco de Vecna,\u00a0Stranger Things\u00a0consolida o impacto cultural da s\u00e9rie na Netflix. O desfecho promete equilibrar nostalgia, amadurecimento dos protagonistas e respostas aguardadas.<\/p>\n","protected":false},"excerpt":{"rendered":"A temporada final de\u00a0Stranger Things\u00a0marca o encerramento de uma das produ\u00e7\u00f5es mais populares da Netflix. A quinta parte&hellip;\n","protected":false},"author":2,"featured_media":182557,"comment_status":"","ping_status":"","sticky":false,"template":"","format":"standard","meta":{"footnotes":""},"categories":[142],"tags":[37290,114,115,5250,37292,32,33,17132,7888,37288,37289,151,37291],"class_list":{"0":"post-182556","1":"post","2":"type-post","3":"status-publish","4":"format-standard","5":"has-post-thumbnail","7":"category-tv","8":"tag-despede","9":"tag-entertainment","10":"tag-entretenimento","11":"tag-es","12":"tag-multiverso","13":"tag-portugal","14":"tag-pt","15":"tag-revela","16":"tag-se","17":"tag-stranger","18":"tag-things","19":"tag-tv","20":"tag-will"},"share_on_mastodon":{"url":"https:\/\/pubeurope.com\/@pt\/115694681632917674","error":""},"_links":{"self":[{"href":"https:\/\/www.europesays.com\/pt\/wp-json\/wp\/v2\/posts\/182556","targetHints":{"allow":["GET"]}}],"collection":[{"href":"https:\/\/www.europesays.com\/pt\/wp-json\/wp\/v2\/posts"}],"about":[{"href":"https:\/\/www.europesays.com\/pt\/wp-json\/wp\/v2\/types\/post"}],"author":[{"embeddable":true,"href":"https:\/\/www.europesays.com\/pt\/wp-json\/wp\/v2\/users\/2"}],"replies":[{"embeddable":true,"href":"https:\/\/www.europesays.com\/pt\/wp-json\/wp\/v2\/comments?post=182556"}],"version-history":[{"count":0,"href":"https:\/\/www.europesays.com\/pt\/wp-json\/wp\/v2\/posts\/182556\/revisions"}],"wp:featuredmedia":[{"embeddable":true,"href":"https:\/\/www.europesays.com\/pt\/wp-json\/wp\/v2\/media\/182557"}],"wp:attachment":[{"href":"https:\/\/www.europesays.com\/pt\/wp-json\/wp\/v2\/media?parent=182556"}],"wp:term":[{"taxonomy":"category","embeddable":true,"href":"https:\/\/www.europesays.com\/pt\/wp-json\/wp\/v2\/categories?post=182556"},{"taxonomy":"post_tag","embeddable":true,"href":"https:\/\/www.europesays.com\/pt\/wp-json\/wp\/v2\/tags?post=182556"}],"curies":[{"name":"wp","href":"https:\/\/api.w.org\/{rel}","templated":true}]}}