{"id":182564,"date":"2025-12-10T10:03:16","date_gmt":"2025-12-10T10:03:16","guid":{"rendered":"https:\/\/www.europesays.com\/pt\/182564\/"},"modified":"2025-12-10T10:03:16","modified_gmt":"2025-12-10T10:03:16","slug":"iphone-dobravel-pode-acelerar-o-mercado-dos-smartphones-flexiveis-com-crescimento-de-30-em-2026-equipamentos","status":"publish","type":"post","link":"https:\/\/www.europesays.com\/pt\/182564\/","title":{"rendered":"iPhone dobr\u00e1vel pode \u201cacelerar\u201d o mercado dos smartphones flex\u00edveis com crescimento de 30% em 2026 &#8211; Equipamentos"},"content":{"rendered":"<p>De acordo com os analistas, v<strong>\u00e1rios lan\u00e7amentos e estreias v\u00e3o ajudar a impulsionar o mercado dos smartphones dobr\u00e1veis em 2026, prevendo-se um crescimento de 30%<\/strong>. Por contraste, previs\u00f5es anteriores apontavam para um crescimento de apenas 6%.<\/p>\n<p><b data-stringify-type=\"bold\">N\u00e3o perca nenhuma not\u00edcia importante da atualidade de tecnologia e\u00a0<\/b><b data-stringify-type=\"bold\"><a class=\"c-link\" href=\"https:\/\/tek.sapo.pt\/\" target=\"_blank\" rel=\"noopener noreferrer nofollow\" data-stringify-link=\"https:\/\/tek.sapo.pt\/\" data-sk=\"tooltip_parent\">acompanhe tudo em tek.sapo.pt<\/a><\/b><\/p>\n<p><strong>Em destaque no segmento est\u00e1 a chegada do <a href=\"https:\/\/tek.sapo.pt\/mobile\/equipamentos\/artigos\/galaxy-z-trifold-ja-e-oficial-samsung-reforca-aposta-nos-dobraveis-com-primeiro-modelo-de-ecra-tripartido\" target=\"_blank\" rel=\"noopener noreferrer nofollow\">Galaxy Z TriFold<\/a>, o dobr\u00e1vel de ecr\u00e3 tripartido da Samsung, ao mercado<\/strong>, aproveitando o impulso do lan\u00e7amento bem sucedido do Galaxy Z Fold7 este ano, indica a IDC.<\/p>\n<p>A par da gigante sul-coreana, e<strong>spera-se que os dobr\u00e1veis da <a href=\"https:\/\/tek.sapo.pt\/pesquisar?q=Huawei\" target=\"_blank\" rel=\"noopener noreferrer nofollow\">Huawei<\/a>, \u201calimentados\u201d pelo HarmonyOS, tamb\u00e9m registem crescimento no mercado<\/strong>, com o n\u00famero de equipamentos enviados para as lojas a quase duplicar em 2026.<\/p>\n<p>Clique nas imagens para ver com mais detalhe                      <\/p>\n<p><strong>Mas o ponto alto do pr\u00f3ximo ano ser\u00e1 quando a Apple entrar no <a href=\"https:\/\/tek.sapo.pt\/mobile\/equipamentos\/artigos\/apple-estreia-do-primeiro-dobravel-pode-empurrar-um-dos-modelos-do-iphone-18-para-2027\" target=\"_blank\" rel=\"noopener noreferrer nofollow\">mercado dos dobr\u00e1veis<\/a>.<\/strong> Os analistas preveem que a empresa da ma\u00e7\u00e3 consiga alcan\u00e7ar uma quota de 22% a n\u00edvel de unidades, al\u00e9m de 34% do valor total do mercado logo no primeiro ano, gra\u00e7as a um pre\u00e7o m\u00e9dio estimado de 2.400 d\u00f3lares.<\/p>\n<p>Citado em comunicado, Francisco Jer\u00f3nimo, vice-presidente para a \u00e1rea de dispositivos na IDC, afirma que <strong>o lan\u00e7amento do primeiro iPhone dobr\u00e1vel vai marcar um \u201cponto de viragem para o segmento dos dobr\u00e1veis\u201d.\u00a0<\/strong><\/p>\n<p>Segundo o analista, <strong>a estreia do primeiro smartphone dobr\u00e1vel da Apple vai \u201caumentar a visibilidade desta categoria e estimular o interesse dos consumidores\u201d<\/strong>, lembrando que a gigante de Cupertino costuma funcionar como um \u201ccatalisador da ado\u00e7\u00e3o massiva de novas categorias\u201d.<\/p>\n<p>\u201c<strong>Embora os smartphones dobr\u00e1veis continuem a ser um segmento de nicho em termos de volume, v\u00e3o tornar-se um motor importante de valor para a maioria dos fabricantes que os oferecem<\/strong>, j\u00e1 que o pre\u00e7o m\u00e9dio de venda ser\u00e1 tr\u00eas vezes superior ao de um smartphone tradicional\u201d, indica Francisco Jer\u00f3nimo.<\/p>\n<p>\u00c0 medida que os consumidores mant\u00eam os seus smartphones por mais tempo, <strong>impulsionar os os ciclos de substitui\u00e7\u00e3o est\u00e1 a tornar-se cada vez mais dif\u00edcil para os fabricantes<\/strong>, detalham os analistas da IDC.\u00a0Nesse sentido, <strong>os dobr\u00e1veis est\u00e3o a tornar-se essenciais para a ind\u00fastria<\/strong>, sobretudo numa fase de maior estagna\u00e7\u00e3o em que \u00e9 necess\u00e1ria mais inova\u00e7\u00e3o para motivar a compra de um novo smartphone e gerar valor.<\/p>\n<p>Assine a\u00a0<a class=\"c-link\" href=\"https:\/\/teknoticias.us15.list-manage.com\/subscribe?u=9a06a5af5e9150806abc02bae&amp;id=ef9b27090d\" target=\"_blank\" rel=\"noopener noreferrer nofollow\" data-stringify-link=\"https:\/\/teknoticias.us15.list-manage.com\/subscribe?u=9a06a5af5e9150806abc02bae&amp;id=ef9b27090d\" data-sk=\"tooltip_parent\">newsletter do TEK Not\u00edcias<\/a>\u00a0e receba todos os dias as principais not\u00edcias de tecnologia na sua caixa de correio.<\/p>\n","protected":false},"excerpt":{"rendered":"De acordo com os analistas, v\u00e1rios lan\u00e7amentos e estreias v\u00e3o ajudar a impulsionar o mercado dos smartphones dobr\u00e1veis&hellip;\n","protected":false},"author":2,"featured_media":182565,"comment_status":"","ping_status":"","sticky":false,"template":"","format":"standard","meta":{"footnotes":""},"categories":[84],"tags":[109,107,108,32,33,105,103,104,106,110],"class_list":{"0":"post-182564","1":"post","2":"type-post","3":"status-publish","4":"format-standard","5":"has-post-thumbnail","7":"category-ciencia-e-tecnologia","8":"tag-ciencia","9":"tag-ciencia-e-tecnologia","10":"tag-cienciaetecnologia","11":"tag-portugal","12":"tag-pt","13":"tag-science","14":"tag-science-and-technology","15":"tag-scienceandtechnology","16":"tag-technology","17":"tag-tecnologia"},"share_on_mastodon":{"url":"https:\/\/pubeurope.com\/@pt\/115694705263992527","error":""},"_links":{"self":[{"href":"https:\/\/www.europesays.com\/pt\/wp-json\/wp\/v2\/posts\/182564","targetHints":{"allow":["GET"]}}],"collection":[{"href":"https:\/\/www.europesays.com\/pt\/wp-json\/wp\/v2\/posts"}],"about":[{"href":"https:\/\/www.europesays.com\/pt\/wp-json\/wp\/v2\/types\/post"}],"author":[{"embeddable":true,"href":"https:\/\/www.europesays.com\/pt\/wp-json\/wp\/v2\/users\/2"}],"replies":[{"embeddable":true,"href":"https:\/\/www.europesays.com\/pt\/wp-json\/wp\/v2\/comments?post=182564"}],"version-history":[{"count":0,"href":"https:\/\/www.europesays.com\/pt\/wp-json\/wp\/v2\/posts\/182564\/revisions"}],"wp:featuredmedia":[{"embeddable":true,"href":"https:\/\/www.europesays.com\/pt\/wp-json\/wp\/v2\/media\/182565"}],"wp:attachment":[{"href":"https:\/\/www.europesays.com\/pt\/wp-json\/wp\/v2\/media?parent=182564"}],"wp:term":[{"taxonomy":"category","embeddable":true,"href":"https:\/\/www.europesays.com\/pt\/wp-json\/wp\/v2\/categories?post=182564"},{"taxonomy":"post_tag","embeddable":true,"href":"https:\/\/www.europesays.com\/pt\/wp-json\/wp\/v2\/tags?post=182564"}],"curies":[{"name":"wp","href":"https:\/\/api.w.org\/{rel}","templated":true}]}}