{"id":182582,"date":"2025-12-10T10:20:21","date_gmt":"2025-12-10T10:20:21","guid":{"rendered":"https:\/\/www.europesays.com\/pt\/182582\/"},"modified":"2025-12-10T10:20:21","modified_gmt":"2025-12-10T10:20:21","slug":"chuva-intensa-e-frio-de-rachar-nova-depressao-atlantica-chega-a-portugal-neste-dia-e-estas-serao-as-regioes-mais-afetadas-pode-haver-neve","status":"publish","type":"post","link":"https:\/\/www.europesays.com\/pt\/182582\/","title":{"rendered":"Chuva intensa e frio de &#8216;rachar&#8217;: nova depress\u00e3o atl\u00e2ntica chega a Portugal neste dia e estas ser\u00e3o as regi\u00f5es mais afetadas (pode haver neve)"},"content":{"rendered":"<p><strong>Uma nova depress\u00e3o atl\u00e2ntica dever\u00e1 atravessar novamente o territ\u00f3rio portugu\u00eas entre quinta e sexta-feira, refor\u00e7ando a instabilidade que marcou os primeiros dias do m\u00eas. De acordo com o Luso Meteo, site especializado em meteorologia, esta perturba\u00e7\u00e3o atmosf\u00e9rica trar\u00e1 mais frio, chuva, vento e at\u00e9 neve na Serra da Estrela, depois de uma breve melhoria prevista para quarta-feira. <\/strong><\/p>\n<p>A mudan\u00e7a resulta da forte atividade no Atl\u00e2ntico, onde sucessivas depress\u00f5es t\u00eam seguido uma trajet\u00f3ria Norte Sul, aproximando-se mais de Portugal Continental do que \u00e9 habitual nesta \u00e9poca do ano.<\/p>\n<p>Apesar de algumas abertas nas primeiras horas de quinta-feira, a aproxima\u00e7\u00e3o da depress\u00e3o dever\u00e1 rapidamente devolver o c\u00e9u muito nublado e a precipita\u00e7\u00e3o a v\u00e1rias regi\u00f5es. <\/p>\n<p>Segundo a mesma fonte, a crista anticicl\u00f3nica junto aos A\u00e7ores for\u00e7a esta desloca\u00e7\u00e3o das depress\u00f5es para sul, permitindo que a chuva chegue a todo o territ\u00f3rio e n\u00e3o apenas ao Minho e Douro Litoral, onde habitualmente se concentram os maiores acumulados.<\/p>\n<p><strong>Chuva regressa na tarde de quinta-feira<\/strong><\/p>\n<p>O Luso Meteo explica que a precipita\u00e7\u00e3o dever\u00e1 chegar ao litoral durante a tarde de quinta-feira, estendendo-se depois ao interior. A expectativa \u00e9 de aguaceiros que evoluem para per\u00edodos de chuva cont\u00ednua ao final da tarde. As temperaturas v\u00e3o descer, com m\u00e1ximas entre 10 e 15 graus e m\u00ednimas que podem ir dos 2 aos 10 graus, mais baixas no interior norte.<\/p>\n<p>O vento ser\u00e1 inicialmente fraco a moderado, de Sul ou Sudoeste, mas pode ganhar intensidade nas terras altas e no litoral Norte e Centro, com rajadas que podem atingir 45 km\/h. No mar, o estado do tempo mant\u00e9m-se adverso, com ondas entre dois e quatro metros na Costa Ocidental e valores ainda mais elevados a norte do Cabo Mondego. Segundo a publica\u00e7\u00e3o, a \u00e1gua do mar rondar\u00e1 os 15 a 16 graus no continente e 17 graus no Algarve.<\/p>\n<p>Nos A\u00e7ores, a influ\u00eancia do anticiclone trar\u00e1 um dia com nuvens e abertas, com vento forte de Noroeste que poder\u00e1 chegar aos 80 km\/h nos locais mais expostos. A temperatura dever\u00e1 descer significativamente. O mar estar\u00e1 extremamente agitado, com a possibilidade de novo aviso laranja, de acordo com a mesma fonte.<\/p>\n<p>Na Madeira, esperam-se dois dias h\u00famidos, com chuva fraca e persistente na quinta-feira e aguaceiros dispersos na sexta. As temperaturas tamb\u00e9m dever\u00e3o descer um ou dois graus.<\/p>\n<p><strong>Sexta-feira traz mais chuva, neve e mar agitado<\/strong><\/p>\n<p>Para sexta, 12 de dezembro, o cen\u00e1rio mant\u00e9m-se inst\u00e1vel. O c\u00e9u estar\u00e1 muito nublado e persistir\u00e1 a incerteza t\u00edpica deste tipo de sistemas, que podem gerar abertas inesperadas no litoral durante a tarde. <\/p>\n<p>De acordo com o <a href=\"https:\/\/lusometeo.com\/\" target=\"_blank\" rel=\"noreferrer noopener nofollow\">Luso Meteo<\/a>, os aguaceiros podem ser pontualmente fortes, sobretudo durante a manh\u00e3, e a neve voltar\u00e1 aos pontos mais altos da Serra da Estrela, acima dos 1600 metros, com possibilidade de acumula\u00e7\u00e3o superior a 10 cent\u00edmetros.<\/p>\n<p>As temperaturas m\u00ednimas podem subir ligeiramente, mas as m\u00e1ximas dever\u00e3o descer entre um e tr\u00eas graus, ficando quase sempre abaixo dos 15 graus. O vento tender\u00e1 a soprar de Norte, com rajadas que podem atingir os 75 km\/h no litoral, embora no interior possa predominar temporariamente uma circula\u00e7\u00e3o de Sul.<\/p>\n<p>O mar dever\u00e1 permanecer muito agitado, com ondas que podem chegar aos 10 metros na Costa Ocidental. No Algarve, o mar ser\u00e1 mais calmo, mas ainda assim com ondula\u00e7\u00e3o entre um e dois metros.<\/p>\n<p>Nos A\u00e7ores, a sexta-feira dever\u00e1 manter o padr\u00e3o de nuvens e abertas, com nevoeiros pontuais e pouca ou nenhuma precipita\u00e7\u00e3o. Na Madeira, espera-se alguma melhoria durante a tarde, embora com humidade persistente nas encostas voltadas a Norte.<\/p>\n<p><strong>Leia tamb\u00e9m: <a href=\"https:\/\/postal.pt\/nacional\/chuva-intensa-e-ventos-fortes-conheca-as-regioes-que-vao-ser-castigadas-nos-proximos-dias\/\" target=\"_blank\" rel=\"noreferrer noopener nofollow\">Chuva intensa e ventos fortes: conhe\u00e7a as regi\u00f5es que v\u00e3o ser \u2018castigadas\u2019 nos pr\u00f3ximos dias<\/a><\/strong><\/p>\n","protected":false},"excerpt":{"rendered":"Uma nova depress\u00e3o atl\u00e2ntica dever\u00e1 atravessar novamente o territ\u00f3rio portugu\u00eas entre quinta e sexta-feira, refor\u00e7ando a instabilidade que&hellip;\n","protected":false},"author":2,"featured_media":162978,"comment_status":"","ping_status":"","sticky":false,"template":"","format":"standard","meta":{"footnotes":""},"categories":[10],"tags":[27,28,15,16,14,25,26,21,22,12,13,19,20,32,23,24,33,17,18,29,30,31],"class_list":{"0":"post-182582","1":"post","2":"type-post","3":"status-publish","4":"format-standard","5":"has-post-thumbnail","7":"category-portugal","8":"tag-breaking-news","9":"tag-breakingnews","10":"tag-featured-news","11":"tag-featurednews","12":"tag-headlines","13":"tag-latest-news","14":"tag-latestnews","15":"tag-main-news","16":"tag-mainnews","17":"tag-news","18":"tag-noticias","19":"tag-noticias-principais","20":"tag-noticiasprincipais","21":"tag-portugal","22":"tag-principais-noticias","23":"tag-principaisnoticias","24":"tag-pt","25":"tag-top-stories","26":"tag-topstories","27":"tag-ultimas","28":"tag-ultimas-noticias","29":"tag-ultimasnoticias"},"share_on_mastodon":{"url":"https:\/\/pubeurope.com\/@pt\/115694772569510891","error":""},"_links":{"self":[{"href":"https:\/\/www.europesays.com\/pt\/wp-json\/wp\/v2\/posts\/182582","targetHints":{"allow":["GET"]}}],"collection":[{"href":"https:\/\/www.europesays.com\/pt\/wp-json\/wp\/v2\/posts"}],"about":[{"href":"https:\/\/www.europesays.com\/pt\/wp-json\/wp\/v2\/types\/post"}],"author":[{"embeddable":true,"href":"https:\/\/www.europesays.com\/pt\/wp-json\/wp\/v2\/users\/2"}],"replies":[{"embeddable":true,"href":"https:\/\/www.europesays.com\/pt\/wp-json\/wp\/v2\/comments?post=182582"}],"version-history":[{"count":0,"href":"https:\/\/www.europesays.com\/pt\/wp-json\/wp\/v2\/posts\/182582\/revisions"}],"wp:featuredmedia":[{"embeddable":true,"href":"https:\/\/www.europesays.com\/pt\/wp-json\/wp\/v2\/media\/162978"}],"wp:attachment":[{"href":"https:\/\/www.europesays.com\/pt\/wp-json\/wp\/v2\/media?parent=182582"}],"wp:term":[{"taxonomy":"category","embeddable":true,"href":"https:\/\/www.europesays.com\/pt\/wp-json\/wp\/v2\/categories?post=182582"},{"taxonomy":"post_tag","embeddable":true,"href":"https:\/\/www.europesays.com\/pt\/wp-json\/wp\/v2\/tags?post=182582"}],"curies":[{"name":"wp","href":"https:\/\/api.w.org\/{rel}","templated":true}]}}