{"id":182593,"date":"2025-12-10T10:32:11","date_gmt":"2025-12-10T10:32:11","guid":{"rendered":"https:\/\/www.europesays.com\/pt\/182593\/"},"modified":"2025-12-10T10:32:11","modified_gmt":"2025-12-10T10:32:11","slug":"halo-promovido-pela-sony-eurogamer-pt","status":"publish","type":"post","link":"https:\/\/www.europesays.com\/pt\/182593\/","title":{"rendered":"Halo promovido pela Sony | Eurogamer.pt"},"content":{"rendered":"<p>A PlayStation 5 apresentou o seu habitual trailer de final de ano, no qual mostra aos jogadores o que est\u00e1 a preparar para lan\u00e7ar nas suas consolas no ano seguinte. Estes v\u00eddeos incluem jogabilidade de jogos PlayStation Studios e t\u00edtulos de parceiras, lista que agora inclui a Xbox.<\/p>\n<p>O mais recente v\u00eddeo, que inclui 15 jogos ao longo de 2 minutos, conta com Marvel\u2019s Wolverine, Saros, e Marathon da PlayStation Studios, juntamente com Pragmata e Resident Evil Requiem da Capcom, Nioh da Koei Tecmo, e Halo: Campaign Evolved da Xbox, entre outros. Sim, um trailer de \u201chype\u201d da Sony com a presen\u00e7a de Halo.<\/p>\n<p>Halo Campaign Evolved \u00e9 um remake Unreal Engine 5 do primeiro jogo da s\u00e9rie, um dos mais emblem\u00e1ticos t\u00edtulos na hist\u00f3ria da Xbox, uma franquia que ap\u00f3s d\u00e9cadas a simbolizar Xbox, foi transformada numa s\u00e9rie para v\u00e1rias plataformas, incluindo a PS5.<\/p>\n<p>A Sony reconhece a import\u00e2ncia de Halo para a Xbox e para a ind\u00fastria no geral e por isso colocou o jogo no seu trailer para gerar entusiasmo pela consola em 2026, mas ainda assim \u00e9 surreal ver Halo num trailer da Sony.<\/p>\n<p><a class=\"button video\" href=\"https:\/\/www.youtube.com\/watch?v=bxRW0LERPPs\" rel=\"noopener nofollow\" target=\"_blank\">Ver no Youtube<\/a><\/p>\n","protected":false},"excerpt":{"rendered":"A PlayStation 5 apresentou o seu habitual trailer de final de ano, no qual mostra aos jogadores o&hellip;\n","protected":false},"author":2,"featured_media":182594,"comment_status":"","ping_status":"","sticky":false,"template":"","format":"standard","meta":{"footnotes":""},"categories":[84],"tags":[109,107,108,32,33,105,103,104,106,110],"class_list":{"0":"post-182593","1":"post","2":"type-post","3":"status-publish","4":"format-standard","5":"has-post-thumbnail","7":"category-ciencia-e-tecnologia","8":"tag-ciencia","9":"tag-ciencia-e-tecnologia","10":"tag-cienciaetecnologia","11":"tag-portugal","12":"tag-pt","13":"tag-science","14":"tag-science-and-technology","15":"tag-scienceandtechnology","16":"tag-technology","17":"tag-tecnologia"},"share_on_mastodon":{"url":"https:\/\/pubeurope.com\/@pt\/115694819291071914","error":""},"_links":{"self":[{"href":"https:\/\/www.europesays.com\/pt\/wp-json\/wp\/v2\/posts\/182593","targetHints":{"allow":["GET"]}}],"collection":[{"href":"https:\/\/www.europesays.com\/pt\/wp-json\/wp\/v2\/posts"}],"about":[{"href":"https:\/\/www.europesays.com\/pt\/wp-json\/wp\/v2\/types\/post"}],"author":[{"embeddable":true,"href":"https:\/\/www.europesays.com\/pt\/wp-json\/wp\/v2\/users\/2"}],"replies":[{"embeddable":true,"href":"https:\/\/www.europesays.com\/pt\/wp-json\/wp\/v2\/comments?post=182593"}],"version-history":[{"count":0,"href":"https:\/\/www.europesays.com\/pt\/wp-json\/wp\/v2\/posts\/182593\/revisions"}],"wp:featuredmedia":[{"embeddable":true,"href":"https:\/\/www.europesays.com\/pt\/wp-json\/wp\/v2\/media\/182594"}],"wp:attachment":[{"href":"https:\/\/www.europesays.com\/pt\/wp-json\/wp\/v2\/media?parent=182593"}],"wp:term":[{"taxonomy":"category","embeddable":true,"href":"https:\/\/www.europesays.com\/pt\/wp-json\/wp\/v2\/categories?post=182593"},{"taxonomy":"post_tag","embeddable":true,"href":"https:\/\/www.europesays.com\/pt\/wp-json\/wp\/v2\/tags?post=182593"}],"curies":[{"name":"wp","href":"https:\/\/api.w.org\/{rel}","templated":true}]}}