{"id":182605,"date":"2025-12-10T10:49:24","date_gmt":"2025-12-10T10:49:24","guid":{"rendered":"https:\/\/www.europesays.com\/pt\/182605\/"},"modified":"2025-12-10T10:49:24","modified_gmt":"2025-12-10T10:49:24","slug":"vieira-do-minho-da-15-o-mes-aos-reformados-e-seguro-de-saude-para-todos","status":"publish","type":"post","link":"https:\/\/www.europesays.com\/pt\/182605\/","title":{"rendered":"Vieira do Minho d\u00e1 15.\u00ba m\u00eas aos reformados e seguro de sa\u00fade para todos"},"content":{"rendered":"<p>O Munic\u00edpio de Vieira do Minho aprovou, quinta-feira, em reuni\u00e3o do Executivo, o or\u00e7amento para 2026, que prev\u00ea receitas de 25,2 milh\u00f5es de euros e que contempla uma nova gera\u00e7\u00e3o de apoios sociais, \u00e0 natalidade, \u00e0s despesas de sa\u00fade e um complemento para idosos carenciados.<\/p>\n<p>&#13;<br \/>\n&#13;<br \/>\n&#13;<\/p>\n<p>O presidente Filipe Oliveira adiantou a O MINHO que o programa \u201cVieira + Vida\u201d, de apoio \u00e0 natalidade, contempla a atribui\u00e7\u00e3o de dois mil euros por cada crian\u00e7a nascida, verba concedida desde que seja gasta em compras no com\u00e9rcio local. <\/p>\n<p>\u201cAssumimos, assim, os graves desequil\u00edbrios demogr\u00e1ficos e sociais que marcam o concelho \u2013 com um \u00edndice de envelhecimento de 353,3 e apenas 49 nascimentos em 2024 \u2013 problemas que se agravaram ao longo dos \u00faltimos anos e que exigem respostas firmes e imediatas\u201d, disse. <\/p>\n<p>J\u00e1 o projeto \u201cVieira + Sa\u00fade\u201d \u2013 outra das promessas eleitorais do PS, abarca a cria\u00e7\u00e3o de um seguro de sa\u00fade para todos os habitantes com mais de 18 anos, enquanto que a medida \u201cVieira + Igual\u201d implica o pagamento de um 15.\u00ba m\u00eas aos cidad\u00e3os com pens\u00f5es baixas. <\/p>\n<p>\u201cVamos, agora, fazer um regulamento onde discriminamos os apoios e os seus benefici\u00e1rios\u201d, vincou, lembrando que h\u00e1 muitas pessoas no concelho com pens\u00f5es de sobreviv\u00eancia inferiores a 300 euros mensais.<\/p>\n<p>Em sua opini\u00e3o, estes tr\u00eas eixos de pol\u00edtica social s\u00e3o estrat\u00e9gicos para revitalizar o concelho, recuperar popula\u00e7\u00e3o, dinamizar a economia e refor\u00e7ar a coes\u00e3o territorial\u201d.<\/p>\n<p>PSD votou contra or\u00e7amento\u00a0<\/p>\n<p>Na vota\u00e7\u00e3o do or\u00e7amento, os tr\u00eas vereadores da oposi\u00e7\u00e3o (PSD) votaram contra, tendo a maioria socialista lido uma declara\u00e7\u00e3o de voto, dizendo que, no plano financeiro, \u201cn\u00e3o pode deixar de registar os constrangimentos herdados\u201d. <\/p>\n<p>E acrescenta: \u201cA despesa corrente atinge 16,877 milh\u00f5es de euros, representando 67% do total, e dentro dela destaca-se o peso excessivo das despesas com pessoal (9, 807 milh\u00f5es), resultado direto da expans\u00e3o do quadro nos anos anteriores, particularmente intensificada em 2025, em final de ciclo aut\u00e1rquico\u201d.<\/p>\n<p>O PS assinala, a prop\u00f3sito, que \u201cesta estrutura r\u00edgida limita a capacidade de investimento e condiciona os exerc\u00edcios or\u00e7amentais dos pr\u00f3ximos anos\u201d e chama a aten\u00e7\u00e3o para o \u201cimpacto estrutural da situa\u00e7\u00e3o, cujo peso se projeta nas previs\u00f5es plurianuais e que exige uma gest\u00e3o rigorosa, respons\u00e1vel e focada na recupera\u00e7\u00e3o da sustentabilidade financeira do Munic\u00edpio\u201d.<\/p>\n","protected":false},"excerpt":{"rendered":"O Munic\u00edpio de Vieira do Minho aprovou, quinta-feira, em reuni\u00e3o do Executivo, o or\u00e7amento para 2026, que prev\u00ea&hellip;\n","protected":false},"author":2,"featured_media":182606,"comment_status":"","ping_status":"","sticky":false,"template":"","format":"standard","meta":{"footnotes":""},"categories":[10],"tags":[27,28,15,16,14,25,26,21,22,12,13,19,20,32,23,24,33,17,18,29,30,31],"class_list":{"0":"post-182605","1":"post","2":"type-post","3":"status-publish","4":"format-standard","5":"has-post-thumbnail","7":"category-portugal","8":"tag-breaking-news","9":"tag-breakingnews","10":"tag-featured-news","11":"tag-featurednews","12":"tag-headlines","13":"tag-latest-news","14":"tag-latestnews","15":"tag-main-news","16":"tag-mainnews","17":"tag-news","18":"tag-noticias","19":"tag-noticias-principais","20":"tag-noticiasprincipais","21":"tag-portugal","22":"tag-principais-noticias","23":"tag-principaisnoticias","24":"tag-pt","25":"tag-top-stories","26":"tag-topstories","27":"tag-ultimas","28":"tag-ultimas-noticias","29":"tag-ultimasnoticias"},"share_on_mastodon":{"url":"https:\/\/pubeurope.com\/@pt\/115694886283332403","error":""},"_links":{"self":[{"href":"https:\/\/www.europesays.com\/pt\/wp-json\/wp\/v2\/posts\/182605","targetHints":{"allow":["GET"]}}],"collection":[{"href":"https:\/\/www.europesays.com\/pt\/wp-json\/wp\/v2\/posts"}],"about":[{"href":"https:\/\/www.europesays.com\/pt\/wp-json\/wp\/v2\/types\/post"}],"author":[{"embeddable":true,"href":"https:\/\/www.europesays.com\/pt\/wp-json\/wp\/v2\/users\/2"}],"replies":[{"embeddable":true,"href":"https:\/\/www.europesays.com\/pt\/wp-json\/wp\/v2\/comments?post=182605"}],"version-history":[{"count":0,"href":"https:\/\/www.europesays.com\/pt\/wp-json\/wp\/v2\/posts\/182605\/revisions"}],"wp:featuredmedia":[{"embeddable":true,"href":"https:\/\/www.europesays.com\/pt\/wp-json\/wp\/v2\/media\/182606"}],"wp:attachment":[{"href":"https:\/\/www.europesays.com\/pt\/wp-json\/wp\/v2\/media?parent=182605"}],"wp:term":[{"taxonomy":"category","embeddable":true,"href":"https:\/\/www.europesays.com\/pt\/wp-json\/wp\/v2\/categories?post=182605"},{"taxonomy":"post_tag","embeddable":true,"href":"https:\/\/www.europesays.com\/pt\/wp-json\/wp\/v2\/tags?post=182605"}],"curies":[{"name":"wp","href":"https:\/\/api.w.org\/{rel}","templated":true}]}}