{"id":182609,"date":"2025-12-10T10:51:18","date_gmt":"2025-12-10T10:51:18","guid":{"rendered":"https:\/\/www.europesays.com\/pt\/182609\/"},"modified":"2025-12-10T10:51:18","modified_gmt":"2025-12-10T10:51:18","slug":"ticiane-pinheiro-deixa-a-record-depois-de-20-anos-veja-comunicado-da-emissora-2","status":"publish","type":"post","link":"https:\/\/www.europesays.com\/pt\/182609\/","title":{"rendered":"Ticiane Pinheiro deixa a Record depois de 20 anos; veja comunicado da emissora"},"content":{"rendered":"<p><img  loading=\"lazy\" class=\"lazy-load-img\"\/><\/p>\n<p>Depois de 20 anos, apresentadora Ticiane Pinheiro deixa a Record\u00a0Foto:  Antonio Chahestian\/TV Record\/Divulga\u00e7\u00e3o<\/p>\n<p data-component-name=\"paragraph\" class=\"styles__ParagraphStyled-sc-6adecn-0 gsLklW  \"><a href=\"https:\/\/www.estadao.com.br\/tudo-sobre\/ticiane-pinheiro\/\" target=\"_blank\" rel=\"nofollow noopener\"><strong>Ticiane Pinheiro<\/strong><\/a> oficializou sua sa\u00edda da <a href=\"https:\/\/www.estadao.com.br\/tudo-sobre\/tv-record\/\" target=\"_blank\" rel=\"nofollow noopener\"><strong>Record<\/strong><\/a> nesta ter\u00e7a-feira, 9. Depois de 20 anos na emissora, a atriz e apresentadora &#8211; e esposa de <a href=\"https:\/\/www.estadao.com.br\/tudo-sobre\/cesar-tralli\/?srsltid=AfmBOopy1EcbbQo2Rnpk6Hsl8P2W9G26rvHweSaFGYWrP5RAh_XVC8SW\" target=\"_blank\" rel=\"nofollow noopener\" title=\"https:\/\/www.estadao.com.br\/tudo-sobre\/cesar-tralli\/?srsltid=AfmBOopy1EcbbQo2Rnpk6Hsl8P2W9G26rvHweSaFGYWrP5RAh_XVC8SW\"><strong>C\u00e9sar Tralli<\/strong><\/a>, novo apresentador do Jornal Nacional &#8211; n\u00e3o teve seu contrato renovado, conforme informou a assessoria do canal em comunicado enviado para a imprensa. A decis\u00e3o pela n\u00e3o renova\u00e7\u00e3o do v\u00ednculo foi tomada em \u201ccomum acordo pelas partes\u201d e de \u201cmaneira alinhada e respeitosa\u201d.<\/p>\n<p>No informe, a Record destacou a trajet\u00f3ria de Ticiane ao longo das \u00faltimas duas d\u00e9cadas, dizendo que seu tempo na emissora foi \u201cmarcado por profissionalismo e dedica\u00e7\u00e3o\u201d. \u201cSeu trabalho contribuiu significativamente para a constru\u00e7\u00e3o de momentos importantes da nossa hist\u00f3ria\u201d, completou o canal.<\/p>\n<p>Ticiane estava na emissora desde 2005, estreando na novela Prova de Amor. Ao longo dos anos, ela ainda integrou os elencos de Cidad\u00e3o Brasileiro e Louca Fam\u00edlia. Como apresentadora, ela comandou atra\u00e7\u00f5es como Simple Life: Mudando de Vida, ao lado de <strong>Karina Bacchi<\/strong>, e Troca de Esposas. H\u00e1 dez anos, ela integrava o quadro fixo de apresentadores do Hoje em Dia.<\/p>\n<p><img  loading=\"lazy\" class=\"lazy-load-img\"\/><\/p>\n<p>Ticiane Pinheiro participo normalmente do &#8216;Hoje em Dia&#8217; no dia em que oficializou sua sa\u00edda da Record\u00a0Foto:  @ticipinheiro via Instagram\/Reprodu\u00e7\u00e3o<\/p>\n<p data-component-name=\"paragraph\" class=\"styles__ParagraphStyled-sc-6adecn-0 gsLklW  \">Nas redes sociais, Ticiane chegou a postar, na manh\u00e3 desta ter\u00e7a-feira, compartilhando uma foto ao lado do diretor do Hoje em Dia, <strong>Bruno Gomes<\/strong>. Na legenda, ela escreveu apenas que estava \u201cpassando o programa logo cedo\u201d.<\/p>\n<p data-component-name=\"paragraph\" class=\"styles__ParagraphStyled-sc-6adecn-0 gsLklW  \">Atualmente dividindo seus compromissos profissionais em S\u00e3o Paulo e sua vida ao lado de Tralli Rio de Janeiro, Ticiane vinha alternando seu dia a dia entre as duas cidades. Apesar do fim de seu contrato com a Record, a apresentadora ainda n\u00e3o informou se pretende se mudar em definitivo para a capital fluminense. Recentemente, ela revelou ter entrado em acordo com <strong>Rafa Justus<\/strong>, filha que compartilha com o empres\u00e1rio <strong>Roberto Justus<\/strong>, <a href=\"https:\/\/www.estadao.com.br\/emais\/gente\/ticiane-pinheiro-faz-acordo-com-a-filha-rafa-justus-sobre-possivel-mudanca-para-o-rio-entenda-nprec\/\" target=\"_blank\" rel=\"noreferrer nofollow noopener\" title=\"https:\/\/www.estadao.com.br\/emais\/gente\/ticiane-pinheiro-faz-acordo-com-a-filha-rafa-justus-sobre-possivel-mudanca-para-o-rio-entenda-nprec\/\">para que a garota decidisse onde gostaria de morar<\/a>.<\/p>\n<p data-component-name=\"paragraph\" class=\"styles__ParagraphStyled-sc-6adecn-0 gsLklW  \">Em entrevista a <strong>Ana Maria Braga<\/strong>, Tralli, que tem uma filha de seis anos, Manuela, com Ticiane, <a href=\"https:\/\/www.estadao.com.br\/emais\/gente\/familia-de-cesar-tralli-vai-mudar-para-o-rio-com-ele-novo-apresentador-do-jn-responde-nprec\/\" target=\"_blank\" rel=\"noreferrer nofollow noopener\" title=\"https:\/\/www.estadao.com.br\/emais\/gente\/familia-de-cesar-tralli-vai-mudar-para-o-rio-com-ele-novo-apresentador-do-jn-responde-nprec\/\">afirmou que, por enquanto, a fam\u00edlia se dividir\u00e1 entre Rio e S\u00e3o Paulo<\/a>. \u201c\u00c9 claro que, pelo fato de a gente ser uma fam\u00edlia muito unida, muito pr\u00f3xima e com muito amor e carinho um pelo outro, tudo vai ser feito no sentido de que todos possam ir\u201d, disse o apresentador do Jornal Nacional. \u201c\u00c9 uma fase de adapta\u00e7\u00e3o. Eu quero crer que, num primeiro momento, vou ficar na ponte a\u00e9rea.\u201d<\/p>\n<p>Confira o comunicado completo enviado pela Record<\/p>\n<p data-component-name=\"paragraph\" class=\"styles__ParagraphStyled-sc-6adecn-0 gsLklW  \">A RECORD informa que, em comum acordo entre as partes, o contrato da apresentadora Ticiane Pinheiro chega ao fim e n\u00e3o ser\u00e1 renovado. A decis\u00e3o foi tomada de maneira alinhada e respeitosa, ap\u00f3s uma trajet\u00f3ria marcada por profissionalismo e dedica\u00e7\u00e3o.<\/p>\n<p data-component-name=\"paragraph\" class=\"styles__ParagraphStyled-sc-6adecn-0 gsLklW  \">Ao longo de duas d\u00e9cadas, Ticiane esteve presente em diversos formatos. Atuou nas novelas \u201cProva de Amor\u201d (2005), interpretando a golpista Maria Dulce, e em \u201cCidad\u00e3o Brasileiro\u201d (2006) foi Cl\u00e1udia, uma jovem hippie que lutava contra a ditadura militar no Brasil.<\/p>\n<p data-component-name=\"paragraph\" class=\"styles__ParagraphStyled-sc-6adecn-0 gsLklW  \">Em 2007, ao lado de Karina Bacchi, mostrou com muito humor como foi a experi\u00eancia de vida no campo no reality \u201cSimple Life: Mudando de Vida\u201d. Dois anos depois, em 2009, fez parte do elenco fixo do sitcom \u201cLouca Fam\u00edlia\u201d, comandado por Tom Cavalcante. Foi rep\u00f3rter do \u201cHoje em Dia\u201d a partir de 2007 e, em 2012, se consolidou como apresentadora e assumiu o \u201cPrograma da Tarde\u201d.<\/p>\n<p data-component-name=\"paragraph\" class=\"styles__ParagraphStyled-sc-6adecn-0 gsLklW  \">Tamb\u00e9m apresentou o reality \u201cTroca de Esposas\u201d (2019, 2020, 2023) e o \u201cCanta Comigo Teen\u201d (de 2020 a 2024). Estava desde 2015 no time de apresentadores oficiais do \u201cHoje em Dia\u201d.<\/p>\n<p data-component-name=\"paragraph\" class=\"styles__ParagraphStyled-sc-6adecn-0 gsLklW  \">A RECORD agradece o talento, a parceria e todo o empenho ao longo de sua jornada na emissora. Seu trabalho contribuiu significativamente para a constru\u00e7\u00e3o de momentos importantes da nossa hist\u00f3ria.<\/p>\n<p>Desejamos a Ticiane Pinheiro pleno sucesso em seus novos projetos, caminhos profissionais e dedica\u00e7\u00e3o \u00e0 sua fam\u00edlia.<\/p>\n","protected":false},"excerpt":{"rendered":"Depois de 20 anos, apresentadora Ticiane Pinheiro deixa a Record\u00a0Foto: Antonio Chahestian\/TV Record\/Divulga\u00e7\u00e3o Ticiane Pinheiro oficializou sua sa\u00edda&hellip;\n","protected":false},"author":2,"featured_media":182610,"comment_status":"","ping_status":"","sticky":false,"template":"","format":"standard","meta":{"footnotes":""},"categories":[145],"tags":[25817,12085,37293,26655,14141,174,26093,37294,26094,211,210,7760,114,115,7366,184,26101,7371,32,33,26107,26552,26110,11913,18555,23511,37295,200],"class_list":{"0":"post-182609","1":"post","2":"type-post","3":"status-publish","4":"format-standard","5":"has-post-thumbnail","7":"category-celebridades","8":"tag-20s","9":"tag-adult","10":"tag-african","11":"tag-african-american","12":"tag-black","13":"tag-book","14":"tag-bookshelf","15":"tag-bookshop","16":"tag-bookstore","17":"tag-celebridades","18":"tag-celebrities","19":"tag-copy-space","20":"tag-entertainment","21":"tag-entretenimento","22":"tag-horizontal","23":"tag-indoors","24":"tag-library","25":"tag-one","26":"tag-portugal","27":"tag-pt","28":"tag-read","29":"tag-serious","30":"tag-shelf","31":"tag-shop","32":"tag-stand","33":"tag-study","34":"tag-waist-up","35":"tag-woman"},"share_on_mastodon":{"url":"https:\/\/pubeurope.com\/@pt\/115694893948531042","error":""},"_links":{"self":[{"href":"https:\/\/www.europesays.com\/pt\/wp-json\/wp\/v2\/posts\/182609","targetHints":{"allow":["GET"]}}],"collection":[{"href":"https:\/\/www.europesays.com\/pt\/wp-json\/wp\/v2\/posts"}],"about":[{"href":"https:\/\/www.europesays.com\/pt\/wp-json\/wp\/v2\/types\/post"}],"author":[{"embeddable":true,"href":"https:\/\/www.europesays.com\/pt\/wp-json\/wp\/v2\/users\/2"}],"replies":[{"embeddable":true,"href":"https:\/\/www.europesays.com\/pt\/wp-json\/wp\/v2\/comments?post=182609"}],"version-history":[{"count":0,"href":"https:\/\/www.europesays.com\/pt\/wp-json\/wp\/v2\/posts\/182609\/revisions"}],"wp:featuredmedia":[{"embeddable":true,"href":"https:\/\/www.europesays.com\/pt\/wp-json\/wp\/v2\/media\/182610"}],"wp:attachment":[{"href":"https:\/\/www.europesays.com\/pt\/wp-json\/wp\/v2\/media?parent=182609"}],"wp:term":[{"taxonomy":"category","embeddable":true,"href":"https:\/\/www.europesays.com\/pt\/wp-json\/wp\/v2\/categories?post=182609"},{"taxonomy":"post_tag","embeddable":true,"href":"https:\/\/www.europesays.com\/pt\/wp-json\/wp\/v2\/tags?post=182609"}],"curies":[{"name":"wp","href":"https:\/\/api.w.org\/{rel}","templated":true}]}}