{"id":182611,"date":"2025-12-10T10:54:11","date_gmt":"2025-12-10T10:54:11","guid":{"rendered":"https:\/\/www.europesays.com\/pt\/182611\/"},"modified":"2025-12-10T10:54:11","modified_gmt":"2025-12-10T10:54:11","slug":"pedro-jorge-confronta-marisa-depois-de-imagens-polemicas-ouvi-muito-bem-o-que-disseste","status":"publish","type":"post","link":"https:\/\/www.europesays.com\/pt\/182611\/","title":{"rendered":"Pedro Jorge confronta Marisa depois de imagens pol\u00e9micas: \u00abOuvi muito bem o que disseste\u00bb"},"content":{"rendered":"<p>No <strong>Especial<\/strong> do <strong>Secret Story 9<\/strong>, Pedro Jorge foi confrontado com as imagens da discuss\u00e3o que teve com Marisa na noite anterior, por causa das nomea\u00e7\u00f5es. Depois, Marisa e Leandro ficaram a falar do concorrente no quarto e, agora, Pedro viu tudo o que foi dito. Em conversa com Cristina Ferreira, o marido de Marisa comentou o tema e mostrou-se magoado com as palavras que ouviu da sua cara-metade.<\/p>\n<p>Minutos depois, j\u00e1 sozinhos na sala, Pedro confrontou a mulher relativamente a tudo o que viu.<\/p>\n","protected":false},"excerpt":{"rendered":"No Especial do Secret Story 9, Pedro Jorge foi confrontado com as imagens da discuss\u00e3o que teve com&hellip;\n","protected":false},"author":2,"featured_media":182612,"comment_status":"","ping_status":"","sticky":false,"template":"","format":"standard","meta":{"footnotes":""},"categories":[142],"tags":[114,115,19184,21416,32,33,151],"class_list":{"0":"post-182611","1":"post","2":"type-post","3":"status-publish","4":"format-standard","5":"has-post-thumbnail","7":"category-tv","8":"tag-entertainment","9":"tag-entretenimento","10":"tag-marisa","11":"tag-pedro-jorge","12":"tag-portugal","13":"tag-pt","14":"tag-tv"},"share_on_mastodon":{"url":"https:\/\/pubeurope.com\/@pt\/115694905722231178","error":""},"_links":{"self":[{"href":"https:\/\/www.europesays.com\/pt\/wp-json\/wp\/v2\/posts\/182611","targetHints":{"allow":["GET"]}}],"collection":[{"href":"https:\/\/www.europesays.com\/pt\/wp-json\/wp\/v2\/posts"}],"about":[{"href":"https:\/\/www.europesays.com\/pt\/wp-json\/wp\/v2\/types\/post"}],"author":[{"embeddable":true,"href":"https:\/\/www.europesays.com\/pt\/wp-json\/wp\/v2\/users\/2"}],"replies":[{"embeddable":true,"href":"https:\/\/www.europesays.com\/pt\/wp-json\/wp\/v2\/comments?post=182611"}],"version-history":[{"count":0,"href":"https:\/\/www.europesays.com\/pt\/wp-json\/wp\/v2\/posts\/182611\/revisions"}],"wp:featuredmedia":[{"embeddable":true,"href":"https:\/\/www.europesays.com\/pt\/wp-json\/wp\/v2\/media\/182612"}],"wp:attachment":[{"href":"https:\/\/www.europesays.com\/pt\/wp-json\/wp\/v2\/media?parent=182611"}],"wp:term":[{"taxonomy":"category","embeddable":true,"href":"https:\/\/www.europesays.com\/pt\/wp-json\/wp\/v2\/categories?post=182611"},{"taxonomy":"post_tag","embeddable":true,"href":"https:\/\/www.europesays.com\/pt\/wp-json\/wp\/v2\/tags?post=182611"}],"curies":[{"name":"wp","href":"https:\/\/api.w.org\/{rel}","templated":true}]}}