{"id":182620,"date":"2025-12-10T11:02:08","date_gmt":"2025-12-10T11:02:08","guid":{"rendered":"https:\/\/www.europesays.com\/pt\/182620\/"},"modified":"2025-12-10T11:02:08","modified_gmt":"2025-12-10T11:02:08","slug":"desabamento-de-predios-em-marrocos-faz-pelo-menos-19-mortos-marrocos","status":"publish","type":"post","link":"https:\/\/www.europesays.com\/pt\/182620\/","title":{"rendered":"Desabamento de pr\u00e9dios em Marrocos faz pelo menos 19 mortos | Marrocos"},"content":{"rendered":"<p>Pelo menos 19 pessoas morreram e 16 ficaram feridas na sequ\u00eancia do desabamento de dois edif\u00edcios na cidade marroquina de Fez na madrugada desta quarta-feira, informou a ag\u00eancia noticiosa estatal.<\/p>\n<p>Os edif\u00edcios que ca\u00edram, no bairro de Al-Mustaqbal, tinham quatro andares e alojavam oito fam\u00edlias. Durante a noite, outros dois pr\u00e9dios adjacentes, de quatro andares, tamb\u00e9m tinham desabado, informou a ag\u00eancia de not\u00edcias estatal.<\/p>\n<p>Est\u00e3o a decorrer buscas para tentar salvar pessoas presas nos escombros dos edif\u00edcios. Os residentes dos edif\u00edcios adjacentes foram retirados por precau\u00e7\u00e3o. Os feridos foram transportados para o centro hospitalar universit\u00e1rio de Fez.<\/p>\n<p>O site estatal de not\u00edcias SNRT escreve que tudo indica que os dois pr\u00e9dios que desabaram j\u00e1 apresentavam &#8220;sinais de fissuras h\u00e1 algum tempo, sem que nenhuma medida preventiva eficaz tivesse sido tomada&#8221;.<\/p>\n<p>Em Setembro, a deteriora\u00e7\u00e3o das condi\u00e7\u00f5es de vida em Marrocos provocou protestos contra a pobreza e os servi\u00e7os p\u00fablicos, numa altura em que o Governo prossegue com ambiciosas constru\u00e7\u00f5es de infra-estruturas e com a inaugura\u00e7\u00e3o de est\u00e1dios modernos, para o Mundial de Futebol de 2030.<\/p>\n<p>Inspirados por revoltas semelhantes no Nepal, Madag\u00e1scar e Peru, os protestos nas principais cidades de Marrocos, inclusive em Fez, antiga capital que remonta ao s\u00e9culo VIII e terceira cidade mais populosa do pa\u00eds, levaram a tumultos em vilas mais rurais e remotas. Tr\u00eas pessoas foram mortas a tiro ao tentarem invadir um quartel-general, e mais de 400 foram presas.<\/p>\n","protected":false},"excerpt":{"rendered":"Pelo menos 19 pessoas morreram e 16 ficaram feridas na sequ\u00eancia do desabamento de dois edif\u00edcios na cidade&hellip;\n","protected":false},"author":2,"featured_media":182621,"comment_status":"","ping_status":"","sticky":false,"template":"","format":"standard","meta":{"footnotes":""},"categories":[50],"tags":[1455,367,27,28,15,16,14,25,26,21,22,1959,62,12,13,19,20,23,24,17,18,29,30,31,63,64,65],"class_list":{"0":"post-182620","1":"post","2":"type-post","3":"status-publish","4":"format-standard","5":"has-post-thumbnail","7":"category-mundo","8":"tag-acidentes","9":"tag-asia","10":"tag-breaking-news","11":"tag-breakingnews","12":"tag-featured-news","13":"tag-featurednews","14":"tag-headlines","15":"tag-latest-news","16":"tag-latestnews","17":"tag-main-news","18":"tag-mainnews","19":"tag-marrocos","20":"tag-mundo","21":"tag-news","22":"tag-noticias","23":"tag-noticias-principais","24":"tag-noticiasprincipais","25":"tag-principais-noticias","26":"tag-principaisnoticias","27":"tag-top-stories","28":"tag-topstories","29":"tag-ultimas","30":"tag-ultimas-noticias","31":"tag-ultimasnoticias","32":"tag-world","33":"tag-world-news","34":"tag-worldnews"},"share_on_mastodon":{"url":"https:\/\/pubeurope.com\/@pt\/115694937340741570","error":""},"_links":{"self":[{"href":"https:\/\/www.europesays.com\/pt\/wp-json\/wp\/v2\/posts\/182620","targetHints":{"allow":["GET"]}}],"collection":[{"href":"https:\/\/www.europesays.com\/pt\/wp-json\/wp\/v2\/posts"}],"about":[{"href":"https:\/\/www.europesays.com\/pt\/wp-json\/wp\/v2\/types\/post"}],"author":[{"embeddable":true,"href":"https:\/\/www.europesays.com\/pt\/wp-json\/wp\/v2\/users\/2"}],"replies":[{"embeddable":true,"href":"https:\/\/www.europesays.com\/pt\/wp-json\/wp\/v2\/comments?post=182620"}],"version-history":[{"count":0,"href":"https:\/\/www.europesays.com\/pt\/wp-json\/wp\/v2\/posts\/182620\/revisions"}],"wp:featuredmedia":[{"embeddable":true,"href":"https:\/\/www.europesays.com\/pt\/wp-json\/wp\/v2\/media\/182621"}],"wp:attachment":[{"href":"https:\/\/www.europesays.com\/pt\/wp-json\/wp\/v2\/media?parent=182620"}],"wp:term":[{"taxonomy":"category","embeddable":true,"href":"https:\/\/www.europesays.com\/pt\/wp-json\/wp\/v2\/categories?post=182620"},{"taxonomy":"post_tag","embeddable":true,"href":"https:\/\/www.europesays.com\/pt\/wp-json\/wp\/v2\/tags?post=182620"}],"curies":[{"name":"wp","href":"https:\/\/api.w.org\/{rel}","templated":true}]}}