{"id":182624,"date":"2025-12-10T11:04:16","date_gmt":"2025-12-10T11:04:16","guid":{"rendered":"https:\/\/www.europesays.com\/pt\/182624\/"},"modified":"2025-12-10T11:04:16","modified_gmt":"2025-12-10T11:04:16","slug":"depressao-bram-que-distritos-vao-ser-mais-afetados","status":"publish","type":"post","link":"https:\/\/www.europesays.com\/pt\/182624\/","title":{"rendered":"Depress\u00e3o Bram: que distritos v\u00e3o ser mais afetados?"},"content":{"rendered":"<p>Portugal acordou esta ter\u00e7a-feira, 9 de dezembro, com o som da chuva a marcar o dia. De Norte a Sul, a precipita\u00e7\u00e3o tornou-se presen\u00e7a constante desde as primeiras horas da manh\u00e3, acompanhada por vento forte e por um estado do mar que obriga a cuidados redobrados.\n<\/p>\n<p>De acordo com o Instituto Portugu\u00eas do Mar e da Atmosfera (<a href=\"https:\/\/www.ipma.pt\/pt\/otempo\/prev.descritiva\/index.jsp\" target=\"_blank\" rel=\"nofollow noopener\">IPMA<\/a>), grande parte do territ\u00f3rio continental est\u00e1 sob <a href=\"https:\/\/www.ipma.pt\/pt\/otempo\/prev-sam\/\" target=\"_blank\" rel=\"nofollow noopener\">aviso amarelo<\/a> devido \u00e0 chuva, com exce\u00e7\u00e3o dos distritos de Bragan\u00e7a e Guarda.<\/p>\n<p>A situa\u00e7\u00e3o \u00e9 mais grave no litoral Norte: os distritos de Braga, Porto e Viana do Castelo est\u00e3o sob aviso laranja devido \u00e0 agita\u00e7\u00e3o mar\u00edtima at\u00e9 \u00e0s 15h00, passando depois para aviso amarelo. A ondula\u00e7\u00e3o levou tamb\u00e9m \u00e0 emiss\u00e3o de aviso amarelo para Faro, Set\u00fabal, Lisboa, Leiria, Beja, Coimbra e Aveiro.\n<\/p>\n<p>Quanto \u00e0 chuva persistente, mant\u00eam-se sob aviso amarelo v\u00e1rios distritos do Norte, Centro e Sul, incluindo Viseu, \u00c9vora, Porto, Faro, Vila Real, Set\u00fabal, Santar\u00e9m, Viana do Castelo, Lisboa, Leiria, Beja, Castelo Branco, Aveiro, Coimbra, Portalegre e Braga.\n<\/p>\n<p>Na Madeira, a costa Sul e as regi\u00f5es montanhosas registam igualmente per\u00edodos de chuva forte, mantendo-se ativos avisos laranja e amarelo ao longo do dia. Nos A\u00e7ores, o grupo Ocidental (Flores e Corvo) est\u00e1 sob aviso amarelo devido \u00e0 agita\u00e7\u00e3o mar\u00edtima.\n<\/p>\n<p>O vento vai soprar com maior intensidade no litoral e nas terras altas, podendo as rajadas atingir entre 70 e 90 km\/h. No mar, prev\u00ea-se agita\u00e7\u00e3o mar\u00edtima com ondas entre 4 e 5,5 metros de altura.\n<\/p>\n<p>Entre hoje e amanh\u00e3, recomenda-se especial cuidado: guarda-chuva e agasalho s\u00e3o indispens\u00e1veis, e a aten\u00e7\u00e3o ao estado do mar \u00e9 fundamental.<\/p>\n","protected":false},"excerpt":{"rendered":"Portugal acordou esta ter\u00e7a-feira, 9 de dezembro, com o som da chuva a marcar o dia. De Norte&hellip;\n","protected":false},"author":2,"featured_media":182625,"comment_status":"","ping_status":"","sticky":false,"template":"","format":"standard","meta":{"footnotes":""},"categories":[8],"tags":[783,778,779,774,27,28,764,769,767,772,782,15,16,784,14,222,771,25,26,773,21,22,149,12,768,13,19,20,777,32,23,24,33,766,781,765,763,775,780,776,770,17,18,29,30,31],"class_list":{"0":"post-182624","1":"post","2":"type-post","3":"status-publish","4":"format-standard","5":"has-post-thumbnail","7":"category-principais-noticias","8":"tag-6pm","9":"tag-80s-rfm","10":"tag-80srfm","11":"tag-90s","12":"tag-breaking-news","13":"tag-breakingnews","14":"tag-bruno-mars","15":"tag-cafe-da-manha","16":"tag-comedia","17":"tag-dance-it","18":"tag-emissao-online","19":"tag-featured-news","20":"tag-featurednews","21":"tag-fridayboyz","22":"tag-headlines","23":"tag-humor","24":"tag-jazzy","25":"tag-latest-news","26":"tag-latestnews","27":"tag-latinas","28":"tag-main-news","29":"tag-mainnews","30":"tag-music","31":"tag-news","32":"tag-nilton","33":"tag-noticias","34":"tag-noticias-principais","35":"tag-noticiasprincipais","36":"tag-oceano-pacifico","37":"tag-portugal","38":"tag-principais-noticias","39":"tag-principaisnoticias","40":"tag-pt","41":"tag-radio","42":"tag-radio-online","43":"tag-rfm","44":"tag-rock-in-rio","45":"tag-rocks","46":"tag-somnii","47":"tag-toca-portugal","48":"tag-top-25","49":"tag-top-stories","50":"tag-topstories","51":"tag-ultimas","52":"tag-ultimas-noticias","53":"tag-ultimasnoticias"},"share_on_mastodon":{"url":"","error":"Validation failed: Text character limit of 500 exceeded"},"_links":{"self":[{"href":"https:\/\/www.europesays.com\/pt\/wp-json\/wp\/v2\/posts\/182624","targetHints":{"allow":["GET"]}}],"collection":[{"href":"https:\/\/www.europesays.com\/pt\/wp-json\/wp\/v2\/posts"}],"about":[{"href":"https:\/\/www.europesays.com\/pt\/wp-json\/wp\/v2\/types\/post"}],"author":[{"embeddable":true,"href":"https:\/\/www.europesays.com\/pt\/wp-json\/wp\/v2\/users\/2"}],"replies":[{"embeddable":true,"href":"https:\/\/www.europesays.com\/pt\/wp-json\/wp\/v2\/comments?post=182624"}],"version-history":[{"count":0,"href":"https:\/\/www.europesays.com\/pt\/wp-json\/wp\/v2\/posts\/182624\/revisions"}],"wp:featuredmedia":[{"embeddable":true,"href":"https:\/\/www.europesays.com\/pt\/wp-json\/wp\/v2\/media\/182625"}],"wp:attachment":[{"href":"https:\/\/www.europesays.com\/pt\/wp-json\/wp\/v2\/media?parent=182624"}],"wp:term":[{"taxonomy":"category","embeddable":true,"href":"https:\/\/www.europesays.com\/pt\/wp-json\/wp\/v2\/categories?post=182624"},{"taxonomy":"post_tag","embeddable":true,"href":"https:\/\/www.europesays.com\/pt\/wp-json\/wp\/v2\/tags?post=182624"}],"curies":[{"name":"wp","href":"https:\/\/api.w.org\/{rel}","templated":true}]}}