{"id":182626,"date":"2025-12-10T11:05:35","date_gmt":"2025-12-10T11:05:35","guid":{"rendered":"https:\/\/www.europesays.com\/pt\/182626\/"},"modified":"2025-12-10T11:05:35","modified_gmt":"2025-12-10T11:05:35","slug":"larissa-manoela-enfrenta-diagnostico-delicado-e-medica-reforca-alerta-nao-tem-cura-definitiva","status":"publish","type":"post","link":"https:\/\/www.europesays.com\/pt\/182626\/","title":{"rendered":"Larissa Manoela enfrenta diagn\u00f3stico delicado e m\u00e9dica refor\u00e7a alerta: &#8216;N\u00e3o tem cura definitiva&#8217;"},"content":{"rendered":"<p class=\"selectable-text copyable-text x15bjb6t x1n2onr6\"><a href=\"https:\/\/caras.com.br\/tags\/larissa-manoela\" rel=\"nofollow noopener\" target=\"_blank\"><strong>Larissa Manoela<\/strong><\/a> (24) adiou o sonho de ser m\u00e3e ap\u00f3s descobrir uma doen\u00e7a cr\u00f4nica que atinge mulheres e pessoas que menstruam. No ar em \u00cata Mundo Melhor! (Globo) como a enfermeira Estela, a atriz, que \u00e9 casada com o ator <a href=\"https:\/\/caras.com.br\/tags\/andr\u00e9-luiz-frambach\" rel=\"nofollow noopener\" target=\"_blank\"><strong>Andr\u00e9 Luiz Frambach<\/strong><\/a> (28), abriu o cora\u00e7\u00e3o sobre o tema delicado.<\/p>\n<p class=\"selectable-text copyable-text x15bjb6t x1n2onr6\">\u201c\u00c9 meu sonho ser m\u00e3e. Eu imagino que essa crian\u00e7a vai vir de maneira muito importante para mim. Eu tenho que planejar, n\u00e3o pelo trabalho s\u00f3, mas por quest\u00e3o de sa\u00fade, que \u00e9 minha prioridade. Tenho endometriose e j\u00e1 falei isso em diversas entrevistas, sempre uso a minha voz para poder falar sobre isso. E o quanto, mais uma vez falando sobre sa\u00fade da mulher e sobre as escolhas, a gente precisa estar atento ao nosso corpo e a como a gente vai passar por situa\u00e7\u00f5es\u201d, contou em entrevista \u00e0 influenciadora Foquinha.<\/p>\n<p class=\"selectable-text copyable-text x15bjb6t x1n2onr6\"><strong>CARAS Brasil<\/strong> entrevista a <strong>Dra. Ana Paula Fonseca<\/strong>, m\u00e9dica ginecologista e especialista no tratamento de dist\u00farbios menstruais, miomas, s\u00edndrome dos ov\u00e1rios polic\u00edsticos (SOP), sobre a doen\u00e7a que atinge Larissa e outras milhares de mulheres.<\/p>\n<p class=\"selectable-text copyable-text x15bjb6t x1n2onr6\">\u201cA endometriose \u00e9 uma doen\u00e7a inflamat\u00f3ria cr\u00f4nica em que um tecido semelhante ao endom\u00e9trio, que normalmente reveste a parte interna do \u00fatero, cresce fora dele. Esses implantes podem atingir ov\u00e1rios, trompas, intestino, perit\u00f4nio e at\u00e9 bexiga, provocando inflama\u00e7\u00e3o e dor\u201d, explica.<\/p>\n<p class=\"selectable-text copyable-text x15bjb6t x1n2onr6\">A m\u00e9dica alerta que n\u00e3o existe cura definitiva para essa doen\u00e7a. No entanto, se descoberta e tratada, a paciente pode ter uma melhor qualidade de vida. \u201c\u00c9 uma condi\u00e7\u00e3o cr\u00f4nica ligada ao ciclo hormonal. Mas ela pode ser controlada com o tratamento adequado, reduzindo sintomas, inflama\u00e7\u00e3o e o impacto na fertilidade\u201d, esclarece.<\/p>\n<p> Os sintomas da doen\u00e7a de Larissa Manoela <\/p>\n<p class=\"selectable-text copyable-text x15bjb6t x1n2onr6\">A estrela da novela \u00cata Mundo Melhor! j\u00e1 foi parar no hospital por conta da intensidade dos sintomas da doen\u00e7a. A Dra. Ana Paula revela que a endometriose pode acabar com a qualidade de vida da mulher, j\u00e1 que costuma provocar desde dores at\u00e9 infertilidade.<\/p>\n<p class=\"selectable-text copyable-text x15bjb6t x1n2onr6\">\u201cOs sintomas mais comuns s\u00e3o c\u00f3licas menstruais intensas, dor p\u00e9lvica cr\u00f4nica, dor durante a rela\u00e7\u00e3o sexual, sangramento aumentado, altera\u00e7\u00f5es intestinais ou urin\u00e1rias no per\u00edodo menstrual e dificuldade para engravidar. A dor intensa ocorre porque as les\u00f5es respondem aos horm\u00f4nios do ciclo, sangram e inflamam, irritando os tecidos vizinhos\u201d, diz.<\/p>\n<p> <img loading=\"lazy\" decoding=\"async\" class=\"size-full wp-image-1035566 img-fluid lazy\" alt=\"Larissa Manoela - Foto: Reprodu\u00e7\u00e3o \/ Instagram\" width=\"1920\" height=\"1080\" src=\"https:\/\/www.europesays.com\/pt\/wp-content\/uploads\/2025\/12\/larissa-manoela-blazer-rosa.jpg\"  \/>Larissa Manoela \u2013 Foto: Reprodu\u00e7\u00e3o \/ Instagram Tratamento para endometriose <\/p>\n<p class=\"selectable-text copyable-text x15bjb6t x1n2onr6\">Segundo a m\u00e9dica, \u00e9 importante a paciente reconhecer os sinais do corpo, assim como a <a href=\"https:\/\/www.instagram.com\/larissamanoela\/\" target=\"_blank\" rel=\"noopener nofollow\">atriz<\/a> fez, e buscar ajuda profissional para avalia\u00e7\u00e3o e diagn\u00f3stico. O tratamento \u00e9 feito de acordo com a manifesta\u00e7\u00e3o dos sintomas e pode variar para cada paciente.<\/p>\n<p><strong>LEIA TAMB\u00c9M:<\/strong>\u00a0<a href=\"https:\/\/caras.com.br\/atualidades\/causa-da-morte-de-astro-de-reality-show-e-revelada-ele-morreu-aos-42-anos.phtml\" target=\"_blank\" rel=\"noopener nofollow\">Causa da morte de astro de reality show \u00e9 revelada; ele morreu aos 42 anos<\/a><\/p>\n<p class=\"selectable-text copyable-text x15bjb6t x1n2onr6\">\u201cO tratamento varia conforme os sintomas, a extens\u00e3o da doen\u00e7a e o desejo de engravidar. Em casos leves, usamos medicamentos hormonais para reduzir ou interromper a menstrua\u00e7\u00e3o, o que desacelera o avan\u00e7o das les\u00f5es. Tamb\u00e9m podemos associar analg\u00e9sicos e mudan\u00e7as no estilo de vida. Nos casos mais graves, especialmente quando h\u00e1 dor severa ou infertilidade, a cirurgia para retirar os focos da doen\u00e7a pode ser indicada. O tratamento \u00e9 sempre individualizado e pode envolver equipe multidisciplinar\u201d, finaliza.\u00a0<\/p>\n<p><strong>VEJA PUBLICA\u00c7\u00c3O RECENTE DE LARISSA MANOELA:<\/strong><\/p>\n<blockquote class=\"instagram-media\" style=\"background: #FFF; border: 0; border-radius: 3px; box-shadow: 0 0 1px 0 rgba(0,0,0,0.5),0 1px 10px 0 rgba(0,0,0,0.15); margin: 1px; max-width: 540px; min-width: 326px; padding: 0; width: calc(100% - 2px);\" data-instgrm-captioned=\"\" data-instgrm-permalink=\"https:\/\/www.instagram.com\/p\/DRxtCwGiQ2W\/?utm_source=ig_embed&amp;utm_campaign=loading\" data-instgrm-version=\"14\"><\/blockquote>\n<p>        <a href=\"https:\/\/caras.com.br\/autor\/dra-ana-paula-fonseca\" rel=\"nofollow noopener\" target=\"_blank\">&#13;<br \/>\n          <img loading=\"lazy\" decoding=\"async\" alt=\"Dra. Ana Paula Fonseca\" src=\"https:\/\/www.europesays.com\/pt\/wp-content\/uploads\/2025\/12\/WhatsApp-Image-2025-05-13-at-19.29.21-150x150.jpeg\" class=\"avatar avatar-115 photo rounded-circle\" height=\"115\" width=\"115\"\/>        <\/a><\/p>\n<p>Ana Paula Fonseca (CRM-PA 9027 | RQE 3929) \u00e9 m\u00e9dica ginecologista e obstetra com s\u00f3lida atua\u00e7\u00e3o em sa\u00fade de adolescentes e mulheres. Graduada pela Universidade do Estado do Par\u00e1 (UEPA) em 2007, concluiu resid\u00eancia m\u00e9dica em Ginecologia e Obstetr\u00edcia na Funda\u00e7\u00e3o Santa Casa de Miseric\u00f3rdia do Par\u00e1, onde atuou por 11 anos.&#13;<br \/>\n&#13;<br \/>\nCom ampla experi\u00eancia em institui\u00e7\u00f5es renomadas como Unimed Bel\u00e9m, Funda\u00e7\u00e3o Hospital das Cl\u00ednicas Gaspar Viana, Funda\u00e7\u00e3o Santa Casa de Miseric\u00f3rdia do Par\u00e1, e Hospital Adventista de Bel\u00e9m, a Dra. Ana Paula \u00e9 refer\u00eancia no tratamento de dist\u00farbios menstruais, miomas, s\u00edndrome dos ov\u00e1rios polic\u00edsticos (SOP), cistos ovarianos e no atendimento de adolescentes e mulheres em um atendimento acolhedor e humanizado.&#13;<br \/>\n&#13;<br \/>\nAl\u00e9m da pr\u00e1tica cl\u00ednica, tamb\u00e9m se dedica ao ensino m\u00e9dico no Centro Universit\u00e1rio do Estado do Par\u00e1 (CESUPA).<\/p>\n<p>\t                                            <script async src=\"\/\/www.instagram.com\/embed.js\"><\/script><\/p>\n","protected":false},"excerpt":{"rendered":"Larissa Manoela (24) adiou o sonho de ser m\u00e3e ap\u00f3s descobrir uma doen\u00e7a cr\u00f4nica que atinge mulheres e&hellip;\n","protected":false},"author":2,"featured_media":182627,"comment_status":"","ping_status":"","sticky":false,"template":"","format":"standard","meta":{"footnotes":""},"categories":[145],"tags":[211,210,114,115,9750,32,33],"class_list":{"0":"post-182626","1":"post","2":"type-post","3":"status-publish","4":"format-standard","5":"has-post-thumbnail","7":"category-celebridades","8":"tag-celebridades","9":"tag-celebrities","10":"tag-entertainment","11":"tag-entretenimento","12":"tag-larissa-manoela","13":"tag-portugal","14":"tag-pt"},"share_on_mastodon":{"url":"https:\/\/pubeurope.com\/@pt\/115694949456607427","error":""},"_links":{"self":[{"href":"https:\/\/www.europesays.com\/pt\/wp-json\/wp\/v2\/posts\/182626","targetHints":{"allow":["GET"]}}],"collection":[{"href":"https:\/\/www.europesays.com\/pt\/wp-json\/wp\/v2\/posts"}],"about":[{"href":"https:\/\/www.europesays.com\/pt\/wp-json\/wp\/v2\/types\/post"}],"author":[{"embeddable":true,"href":"https:\/\/www.europesays.com\/pt\/wp-json\/wp\/v2\/users\/2"}],"replies":[{"embeddable":true,"href":"https:\/\/www.europesays.com\/pt\/wp-json\/wp\/v2\/comments?post=182626"}],"version-history":[{"count":0,"href":"https:\/\/www.europesays.com\/pt\/wp-json\/wp\/v2\/posts\/182626\/revisions"}],"wp:featuredmedia":[{"embeddable":true,"href":"https:\/\/www.europesays.com\/pt\/wp-json\/wp\/v2\/media\/182627"}],"wp:attachment":[{"href":"https:\/\/www.europesays.com\/pt\/wp-json\/wp\/v2\/media?parent=182626"}],"wp:term":[{"taxonomy":"category","embeddable":true,"href":"https:\/\/www.europesays.com\/pt\/wp-json\/wp\/v2\/categories?post=182626"},{"taxonomy":"post_tag","embeddable":true,"href":"https:\/\/www.europesays.com\/pt\/wp-json\/wp\/v2\/tags?post=182626"}],"curies":[{"name":"wp","href":"https:\/\/api.w.org\/{rel}","templated":true}]}}