{"id":182652,"date":"2025-12-10T11:30:10","date_gmt":"2025-12-10T11:30:10","guid":{"rendered":"https:\/\/www.europesays.com\/pt\/182652\/"},"modified":"2025-12-10T11:30:10","modified_gmt":"2025-12-10T11:30:10","slug":"marques-mendes-o-politico-experiente-e-confiavel","status":"publish","type":"post","link":"https:\/\/www.europesays.com\/pt\/182652\/","title":{"rendered":"Marques Mendes, o \u201cpol\u00edtico experiente e confi\u00e1vel\u201d"},"content":{"rendered":"<p>Uma an\u00e1lise conduzida pela <a href=\"https:\/\/www.instinct.pt\/\" rel=\"nofollow noopener\" target=\"_blank\"><strong>Instinct <\/strong><\/a>para o SAPO, com recurso a modelos de Intelig\u00eancia Artificial, procurou mapear o posicionamento dos candidatos \u00e0 Presid\u00eancia da Rep\u00fablica, identificando padr\u00f5es de discurso, perce\u00e7\u00f5es p\u00fablicas e bases de apoio sociopol\u00edtico.<\/p>\n<p>A investiga\u00e7\u00e3o partiu de dados publicados espontaneamente pelos portugueses na internet: coment\u00e1rios,\u00a0posts, artigos de opini\u00e3o e discuss\u00f5es em f\u00f3runs e redes sociais.<\/p>\n<p>O objetivo foi entender n\u00e3o apenas o que os candidatos dizem, mas como s\u00e3o percebidos pelo eleitorado. A IA organizou essas perce\u00e7\u00f5es em torno de cinco dimens\u00f5es-chave: imagem p\u00fablica, n\u00facleo de eleitores, vulnerabilidades, confian\u00e7a percebida e potencial de crescimento. O resultado \u00e9 um retrato pragm\u00e1tico da disputa.<\/p>\n<p>Este \u00e9 o retrato de Lu\u00eds Marques Mendes, o primeiro a avan\u00e7ar com a candidatura \u00e0s Presidenciais de 18 de janeiro de 2026, formalizada a 6 de fevereiro.<\/p>\n<p>Aos 68 anos, o\u00a0<a href=\"https:\/\/sapo.pt\/artigo\/luis-marques-mendes-o-politico-laranja-que-foi-quase-tudo-no-psd-e-agora-quer-presidente-691ccaf369aed6ed63dbfebd\" rel=\"nofollow noopener\" target=\"_blank\">&#8220;homem que j\u00e1 foi tudo no PSD&#8221;<\/a> conta com PSD e CDS como partidos apoiantes e escolheu para mote da sua candidatura, avan\u00e7o que anunciou ainda no \u00faltimo programa semanal de <a href=\"https:\/\/sicnoticias.pt\/programas\/marques-mendes\/2025-02-02-video-avanco-com-total-confianca-o-adeus-de-luis-marques-mendes-a-sic-a-dias-de-entrar-na-corrida-a-belem-d9dfd188?utm_source=SAPO_HP&amp;utm_medium=app&amp;utm_campaign=destaques\" rel=\"nofollow noopener\" target=\"_blank\">coment\u00e1rio pol\u00edtico na SIC Not\u00edcias<\/a>, ser\u00a0<strong>&#8220;o\u00a0<a href=\"https:\/\/luismarquesmendes.pt\/?utm_source=SAPO_HP&amp;utm_medium=app&amp;utm_campaign=destaques\" rel=\"nofollow noopener\" target=\"_blank\">Presidente de todos os portugueses<\/a>&#8220;, que vem para &#8220;unir e n\u00e3o dividir&#8221;<\/strong>.\u00a0<\/p>\n<p><strong>A an\u00e1lise feita pela\u00a0<a href=\"https:\/\/www.instinct.pt\/\" rel=\"nofollow noopener\" target=\"_blank\">Instinct <\/a>para o SAPO, com a an\u00e1lise da IA ao seu posicionamento, identificando padr\u00f5es de discurso, perce\u00e7\u00f5es p\u00fablicas e bases de apoio sociopol\u00edtico, <\/strong>aponta para um \u201cpol\u00edtico experiente e confi\u00e1vel\u201d, que representa a &#8220;continuidade do centro direita tradicional&#8221;.<\/p>\n<p>Pelo que dele se diz na internet, entende-se que o seu p\u00fab\u00e7lico-alvo s\u00e3o os <strong>eleitores tradicionais do PSD<\/strong>., com o candidato a conseguir um <strong>alto n\u00edvel de confian\u00e7a <\/strong>p\u00fablica. Ainda assim, Marques Mendes n\u00e3o \u00e9 isento de vulnerabilidades, sendo a principal delas o facto de lutar em duas frentes: por um lado, <strong>arrisca-se a perder moderados para Gouveia e Melo, por outro, poder\u00e1 perder alguns dos mais conservadores para Ventura<\/strong>.<\/p>\n<p>Tendo como mandat\u00e1rio o ex-presidente da C\u00e2mara do Porto independente Rui Moreira, soma entre os principais apoiantes alguns dos mais not\u00e1veis sociais-democratas (Cavaco Silva, Leonor Beleza, Manuela Ferreira Leite, Eduardo Catroga, Miguel Albuquerque, Mira Amaral, Poiares Maduro, Paula Teixeira da Cruz, Gon\u00e7alo Matias, Carlos Abreu Amorim, Mac\u00e1rio Correia), mas tamb\u00e9m conta com apoios de peso na sociedade e noutros partidos, incluindo o ex-secret\u00e1rio de Estado socialista Jos\u00e9 Gomes Mendes, o ex-ministro do CDS Pedro Mota Soares, Diogo Feio, Carla Castro, Armindo Monteiro ou Francisco Calheiros.<\/p>\n<p>Feita a an\u00e1lise,<strong> o potencial de crescimento de Marques Mendes entre os votantes \u00e9 baixo<\/strong>, revela a an\u00e1lise da\u00a0<a href=\"https:\/\/www.instinct.pt\/\" rel=\"nofollow noopener\" target=\"_blank\">Instinct <\/a><\/p>\n<p>\t\t<img decoding=\"async\" src=\"https:\/\/www.europesays.com\/pt\/wp-content\/uploads\/2025\/12\/1765366210_165_thumbs.web.sapo.io\"  alt=\" \" loading=\"true\"\/><\/p>\n","protected":false},"excerpt":{"rendered":"Uma an\u00e1lise conduzida pela Instinct para o SAPO, com recurso a modelos de Intelig\u00eancia Artificial, procurou mapear o&hellip;\n","protected":false},"author":2,"featured_media":182653,"comment_status":"","ping_status":"","sticky":false,"template":"","format":"standard","meta":{"footnotes":""},"categories":[50],"tags":[27,28,15,16,14,25,26,21,22,62,12,13,19,20,23,24,17,18,29,30,31,63,64,65],"class_list":{"0":"post-182652","1":"post","2":"type-post","3":"status-publish","4":"format-standard","5":"has-post-thumbnail","7":"category-mundo","8":"tag-breaking-news","9":"tag-breakingnews","10":"tag-featured-news","11":"tag-featurednews","12":"tag-headlines","13":"tag-latest-news","14":"tag-latestnews","15":"tag-main-news","16":"tag-mainnews","17":"tag-mundo","18":"tag-news","19":"tag-noticias","20":"tag-noticias-principais","21":"tag-noticiasprincipais","22":"tag-principais-noticias","23":"tag-principaisnoticias","24":"tag-top-stories","25":"tag-topstories","26":"tag-ultimas","27":"tag-ultimas-noticias","28":"tag-ultimasnoticias","29":"tag-world","30":"tag-world-news","31":"tag-worldnews"},"share_on_mastodon":{"url":"https:\/\/pubeurope.com\/@pt\/115695047835354427","error":""},"_links":{"self":[{"href":"https:\/\/www.europesays.com\/pt\/wp-json\/wp\/v2\/posts\/182652","targetHints":{"allow":["GET"]}}],"collection":[{"href":"https:\/\/www.europesays.com\/pt\/wp-json\/wp\/v2\/posts"}],"about":[{"href":"https:\/\/www.europesays.com\/pt\/wp-json\/wp\/v2\/types\/post"}],"author":[{"embeddable":true,"href":"https:\/\/www.europesays.com\/pt\/wp-json\/wp\/v2\/users\/2"}],"replies":[{"embeddable":true,"href":"https:\/\/www.europesays.com\/pt\/wp-json\/wp\/v2\/comments?post=182652"}],"version-history":[{"count":0,"href":"https:\/\/www.europesays.com\/pt\/wp-json\/wp\/v2\/posts\/182652\/revisions"}],"wp:featuredmedia":[{"embeddable":true,"href":"https:\/\/www.europesays.com\/pt\/wp-json\/wp\/v2\/media\/182653"}],"wp:attachment":[{"href":"https:\/\/www.europesays.com\/pt\/wp-json\/wp\/v2\/media?parent=182652"}],"wp:term":[{"taxonomy":"category","embeddable":true,"href":"https:\/\/www.europesays.com\/pt\/wp-json\/wp\/v2\/categories?post=182652"},{"taxonomy":"post_tag","embeddable":true,"href":"https:\/\/www.europesays.com\/pt\/wp-json\/wp\/v2\/tags?post=182652"}],"curies":[{"name":"wp","href":"https:\/\/api.w.org\/{rel}","templated":true}]}}