{"id":182654,"date":"2025-12-10T11:31:27","date_gmt":"2025-12-10T11:31:27","guid":{"rendered":"https:\/\/www.europesays.com\/pt\/182654\/"},"modified":"2025-12-10T11:31:27","modified_gmt":"2025-12-10T11:31:27","slug":"tap-diz-que-esta-disponivel-para-ficar-com-slots-da-easyjet-em-lisboa","status":"publish","type":"post","link":"https:\/\/www.europesays.com\/pt\/182654\/","title":{"rendered":"TAP diz que est\u00e1 dispon\u00edvel para ficar com slots da easyJet em Lisboa"},"content":{"rendered":"<p>        O presidente-executivo da TAP disse tamb\u00e9m que as rotas para o Brasil e a Am\u00e9rica do Sul est\u00e3o entre os maiores ativos estrat\u00e9gicos da companhia a\u00e9rea.    <\/p>\n<p><img decoding=\"async\" src=\"https:\/\/www.europesays.com\/pt\/wp-content\/uploads\/2025\/12\/DOC.20231002.41603748.JSG_8628-scaled-e1696324552282-6b094c06.jpeg\" width=\"960\" height=\"640\" class=\"el-image\" alt=\"\" loading=\"lazy\"\/><\/p>\n<p>O presidente da TAP, Luis Rodrigues, usa da palavra durante um almo\u00e7o da Associa\u00e7\u00e3o Hotelaria de Portugal, no Hotel Altis, em Lisboa, 02 de outubro de 2023. JOS\u00c9 SENA GOUL\u00c3O\/LUSA<\/p>\n<p>9 Dezembro 2025, 19h31<\/p>\n<p>A TAP garantiu esta ter\u00e7a-feira que est\u00e1 dispon\u00edvel para ficar com slots da easyJet em Lisboa, isto no cen\u00e1rio de a companhia libertar alguns no futuro.<\/p>\n<p>\u201cH\u00e1 pouco tempo falava-se que a easyJet podia ser absorvida\u2026 tamb\u00e9m estava dispon\u00edvel para ficar com slots deles, se isso fosse o caso\u201d, disse hoje o presidente-executivo da TAP em confer\u00eancia de imprensa em Lisboa.<\/p>\n<p>Lu\u00eds Rodrigues aproveitou assim para dar uma canelada ao diretor-geral da easyJet Portugal que mostrou-se recentemente dispon\u00edvel para ficar com slots da TAP em Lisboa. Jos\u00e9 Lopes previu que a companhia seja obrigada a disponibilizar em Lisboa faixas hor\u00e1rias para descolagens\/aterragens \u00e0 luz das regras europeias de concorr\u00eancia.<\/p>\n<p>O presidente-executivo da TAP disse hoje que as rotas para o Brasil e a Am\u00e9rica do Sul est\u00e3o entre os maiores ativos estrat\u00e9gicos da companhia a\u00e9rea.<\/p>\n<p>Questionado hoje sobre quais considera ser os maiores ativos estrat\u00e9gicos da TAP, na \u00f3tica de um interessado na empresa, Lu\u00eds Rodrigues n\u00e3o teve d\u00favidas: \u201cA nossa posi\u00e7\u00e3o estrat\u00e9gica no mercado sul-americano. No p\u00f3dio, elegeria as rotas para o Brasil e para a Am\u00e9rica do Sul\u201d.<\/p>\n<p>Depois, vem a \u201copera\u00e7\u00e3o de manuten\u00e7\u00e3o a todos os n\u00edveis que \u00e9 definitivamente um ativo estrat\u00e9gico que a companhia tem. D\u00e1 cartas a n\u00edvel mundial\u201d.<\/p>\n<p>Em terceiro, a \u201cqualidade das nossas pessoas\u201d, disse hoje em confer\u00eancia de imprensa em Lisboa.<\/p>\n<p>Sobre a venda da sua empresa de catering e a participa\u00e7\u00e3o de quase 50% na empresa de handling Menzies dever\u00e3o ficar de fora da privatiza\u00e7\u00e3o da TAP.<\/p>\n<p>A venda destas empresas estava previsto no plano de reestrutura\u00e7\u00e3o at\u00e9 ao fim deste ano, mas tal n\u00e3o vai acontecer.<\/p>\n<p>\u201cEssa \u00e9 uma quest\u00e3o que o Governo \u00e9 que tem de responder, porque \u00e9 quem define o per\u00edmetro da privatiza\u00e7\u00e3o\u201d, afirmou. \u201cN\u00e3o foi poss\u00edvel fazer tudo ao mesmo tempo\u201d, afirmou, sobre o timing.<\/p>\n<p>Sobre se a TAP vai acrescentar novos destinos em 2026, o gestor disse que \u201cqualquer dos sete continentes seria uma probabilidade, mas que ainda \u00e9 prematuro\u201d adiantar rotas.<\/p>\n<p>Mas revelou que o aeroporto de Hong Kong \u201cfez um pitch significativo\u201d para a TAP voar para a Regi\u00e3o Administrativa Especial chinesa, mas que isso \u201cainda est\u00e1 em considera\u00e7\u00e3o\u201d a par de \u201cmuitos outros destinos onde a companhia pode operar\u201d.<\/p>\n<p>Sobre datas da privatiza\u00e7\u00e3o, disse que gostaria que \u201cficasse fechado em 2026\u201d. \u201cEu sempre fui defensor do processo\u2026 que se feche o melhor poss\u00edvel, o mais rapidamente poss\u00edvel\u201d.<\/p>\n<p>Sobre o aumento de slots em Lisboa, disse esperar que haja mais uma ou duas slots no aeroporto.<\/p>\n<p>\u201cAs obras do chamado Pier Sul j\u00e1 come\u00e7aram e v\u00e3o aumentar significativamente a capacidade de encosto em mangas e a efici\u00eancia da opera\u00e7\u00e3o e o bem estar dos passageiros. Neste momento, \u00e9 o mais importante\u201d, adiantou.<\/p>\n<p>        RELACIONADO    <\/p>\n<p>            <a href=\"https:\/\/jornaleconomico.sapo.pt\/noticias\/tap-preve-realizar-um-terco-dos-voos-no-dia-da-greve-geral\/\" rel=\"nofollow noopener\" target=\"_blank\"><img decoding=\"async\" src=\"https:\/\/www.europesays.com\/pt\/wp-content\/uploads\/2025\/12\/tap.jpg\" width=\"550\" height=\"425\" class=\"el-image uk-object-cover\" alt=\"\" style=\"aspect-ratio: 550 \/ 425\" loading=\"lazy\"\/><\/a>    <\/p>\n<p>            <a href=\"https:\/\/jornaleconomico.sapo.pt\/noticias\/futuro-da-tap-e-mais-brasil-america-latina-eua-e-africa\/\" rel=\"nofollow noopener\" target=\"_blank\"><img decoding=\"async\" src=\"https:\/\/www.europesays.com\/pt\/wp-content\/uploads\/2025\/12\/TAP.jpg\" width=\"550\" height=\"425\" class=\"el-image uk-object-cover\" alt=\"\" style=\"aspect-ratio: 550 \/ 425\" loading=\"lazy\"\/><\/a>    <\/p>\n","protected":false},"excerpt":{"rendered":"O presidente-executivo da TAP disse tamb\u00e9m que as rotas para o Brasil e a Am\u00e9rica do Sul est\u00e3o&hellip;\n","protected":false},"author":2,"featured_media":182655,"comment_status":"","ping_status":"","sticky":false,"template":"","format":"standard","meta":{"footnotes":""},"categories":[10],"tags":[1126,1310,726,27,28,13053,15,16,14,25,26,37300,21,22,26842,12,13,19,20,32,23,24,19652,33,37301,1365,17,18,29,30,31],"class_list":{"0":"post-182654","1":"post","2":"type-post","3":"status-publish","4":"format-standard","5":"has-post-thumbnail","7":"category-portugal","8":"tag-america-do-sul","9":"tag-aviacao","10":"tag-brasil","11":"tag-breaking-news","12":"tag-breakingnews","13":"tag-easyjet","14":"tag-featured-news","15":"tag-featurednews","16":"tag-headlines","17":"tag-latest-news","18":"tag-latestnews","19":"tag-luis-rodrigues","20":"tag-main-news","21":"tag-mainnews","22":"tag-menzies","23":"tag-news","24":"tag-noticias","25":"tag-noticias-principais","26":"tag-noticiasprincipais","27":"tag-portugal","28":"tag-principais-noticias","29":"tag-principaisnoticias","30":"tag-privatizacao","31":"tag-pt","32":"tag-slots","33":"tag-tap","34":"tag-top-stories","35":"tag-topstories","36":"tag-ultimas","37":"tag-ultimas-noticias","38":"tag-ultimasnoticias"},"share_on_mastodon":{"url":"https:\/\/pubeurope.com\/@pt\/115695051782423988","error":""},"_links":{"self":[{"href":"https:\/\/www.europesays.com\/pt\/wp-json\/wp\/v2\/posts\/182654","targetHints":{"allow":["GET"]}}],"collection":[{"href":"https:\/\/www.europesays.com\/pt\/wp-json\/wp\/v2\/posts"}],"about":[{"href":"https:\/\/www.europesays.com\/pt\/wp-json\/wp\/v2\/types\/post"}],"author":[{"embeddable":true,"href":"https:\/\/www.europesays.com\/pt\/wp-json\/wp\/v2\/users\/2"}],"replies":[{"embeddable":true,"href":"https:\/\/www.europesays.com\/pt\/wp-json\/wp\/v2\/comments?post=182654"}],"version-history":[{"count":0,"href":"https:\/\/www.europesays.com\/pt\/wp-json\/wp\/v2\/posts\/182654\/revisions"}],"wp:featuredmedia":[{"embeddable":true,"href":"https:\/\/www.europesays.com\/pt\/wp-json\/wp\/v2\/media\/182655"}],"wp:attachment":[{"href":"https:\/\/www.europesays.com\/pt\/wp-json\/wp\/v2\/media?parent=182654"}],"wp:term":[{"taxonomy":"category","embeddable":true,"href":"https:\/\/www.europesays.com\/pt\/wp-json\/wp\/v2\/categories?post=182654"},{"taxonomy":"post_tag","embeddable":true,"href":"https:\/\/www.europesays.com\/pt\/wp-json\/wp\/v2\/tags?post=182654"}],"curies":[{"name":"wp","href":"https:\/\/api.w.org\/{rel}","templated":true}]}}