{"id":182656,"date":"2025-12-10T11:32:12","date_gmt":"2025-12-10T11:32:12","guid":{"rendered":"https:\/\/www.europesays.com\/pt\/182656\/"},"modified":"2025-12-10T11:32:12","modified_gmt":"2025-12-10T11:32:12","slug":"antevisao-benfica-napoles-aguia-quer-deixar-napolitanos-k-o-para-manter-vivo-o-sonho-europeu-liga-dos-campeoes","status":"publish","type":"post","link":"https:\/\/www.europesays.com\/pt\/182656\/","title":{"rendered":"Antevis\u00e3o Benfica-N\u00e1poles: \u00c1guia quer deixar napolitanos K.O para manter vivo o sonho europeu &#8211; Liga dos Campe\u00f5es"},"content":{"rendered":"<p>O Est\u00e1dio da Luz vai voltar a abrir portas para mais um jogo europeu. O <a href=\"https:\/\/sportinforma.sapo.pt\/tag\/benfica\" target=\"_blank\" rel=\"noopener noreferrer nofollow\">Benfica<\/a> vai defrontar o <a href=\"https:\/\/sportinforma.sapo.pt\/tag\/napoles\" target=\"_blank\" rel=\"noopener noreferrer nofollow\">N\u00e1poles<\/a> na sexta jornada da fase de liga da <a href=\"https:\/\/sportinforma.sapo.pt\/futebol\/competicao\/liga-dos-campeoes-6\/noticias\" target=\"_blank\" rel=\"noopener noreferrer nofollow\">Liga dos Campe\u00f5es<\/a>, a partir das 20 horas desta quarta-feira.<\/p>\n<p>Ap\u00f3s o empate frente ao Sporting, o foco dos encarnados est\u00e1 na prova milion\u00e1ria, onde procura voltar a vencer para sonhar com um lugar de acesso ao play-off de qualifica\u00e7\u00e3o. As \u00e1guias somam apenas tr\u00eas pontos na 30.\u00aa posi\u00e7\u00e3o. Quem tem sido mais feliz na Champions \u00e9 o N\u00e1poles, que leva sete pontos na 20.\u00aa posi\u00e7\u00e3o.<\/p>\n<p>Para esta partida, <a href=\"https:\/\/sportinforma.sapo.pt\/tag\/jose-mourinho\" target=\"_blank\" rel=\"noopener noreferrer nofollow\">Jos\u00e9 Mourinho<\/a> n\u00e3o vai fazer esfor\u00e7os em rela\u00e7\u00e3o ao onze inicial. Trubin, Dedic, Ant\u00f3nio Silva, Otamendi, Dahl, Barrenechea, Richard R\u00edos, Aursnes, Sudakov, Barreiro e Pavlidis devem ser as escolhas iniciais.<\/p>\n<p><a href=\"https:\/\/sportinforma.sapo.pt\/\" target=\"_blank\" rel=\"noopener noreferrer nofollow\">&#8211; Tudo sobre o desporto nacional e internacional em<b data-stringify-type=\"bold\">\u00a0<\/b><b data-stringify-type=\"bold\">sportinforma.sapo.pt &#8211;<\/b><\/a>Momento de forma<\/p>\n<p>O Benfica tem sido um tanto ou pouco inconsistente, apesar de n\u00e3o perder h\u00e1 cinco jogos (tr\u00eas vit\u00f3rias e dois empates). Desde que chegou ao comando t\u00e9cnico dos encarnados que Jos\u00e9 Mourinho n\u00e3o conseguiu somar mais do que tr\u00eas vit\u00f3rias seguidas.<\/p>\n<p>Na Liga dos Campe\u00f5es, as \u00e1guias s\u00f3 conseguiram alcan\u00e7ar a primeira vit\u00f3ria na \u00faltima ronda diante do Ajax, depois de terem sa\u00eddo derrotados nos \u00faltimos quatro encontros. A equipa encarnada quer vencer a forma\u00e7\u00e3o napolitana para poder sonhar com a passagem \u00e0 pr\u00f3xima fase, at\u00e9 porque o pr\u00f3ximo encontro ser\u00e1 frente \u00e0 Juventus e depois segue-se o Real Madrid.<\/p>\n<p>O N\u00e1poles n\u00e3o perde h\u00e1 cinco jogos, tendo escorregado uma vez com um empate diante do Cagliari em tempo regulamentar. A forma\u00e7\u00e3o napolitana venceu o \u00faltimo duelo europeu na rece\u00e7\u00e3o ao Qarabag (2-0), pelo que est\u00e1 em lugar de acesso ao play-off de qualifica\u00e7\u00e3o.<\/p>\n<p>A equipa italiana \u00e9 20.\u00aa classificada com sete pontos somados.<\/p>\n<p>Hist\u00f3rico de confrontos<\/p>\n<p>AS duas equipas apenas se defrontaram em quatro duelos com evidente vantagem para o N\u00e1poles, que conta com tr\u00eas triunfos contra um do Benfica.<\/p>\n<p>Os \u00faltimos dois jogos aconteceram na edi\u00e7\u00e3o 2016\/17 da Liga dos Campe\u00f5es, durante a fase de grupos. Em ambos os jogos, o Benfica perdeu: 1-2 e 4-2.<\/p>\n<p>Os restantes jogos remontam a 2008\/09 com o \u00fanico triunfo do Benfica contra os napolitanos por 2-0, mas outra derrota por 3-2 na casa da equipa italiana.<\/p>\n<p>O que dizem os treinadores<\/p>\n<p><a href=\"https:\/\/sportinforma.sapo.pt\/futebol\/liga-dos-campeoes\/artigos\/mourinho-antecipa-duelo-decisivo-com-o-napoles-encaro-todos-os-jogos-como-finais\" target=\"_blank\" rel=\"noopener noreferrer nofollow\"><strong>Jos\u00e9 Mourinho, treinador do Benfica:<\/strong><\/a> &#8220;N\u00e3o sei se \u00e9 vantagem. Talvez precise de menos tempo a analisar, mas isso n\u00e3o reduz dificuldades. O N\u00e1poles ganhou dois campeonatos em pouco tempo e est\u00e1 a jogar melhor agora do que no in\u00edcio da \u00e9poca.&#8221;<\/p>\n<p><a href=\"https:\/\/sportinforma.sapo.pt\/futebol\/liga-dos-campeoes\/artigos\/antonio-conte-alerta-para-os-perigos-do-benfica-teve-uma-excelente-prestacao-frente-ao-sporting\" target=\"_blank\" rel=\"noopener noreferrer nofollow\"><strong>Antonio Conte, treinador do N\u00e1poles:<\/strong><\/a> &#8220;Todos os jogos s\u00e3o importantes para n\u00f3s. N\u00e3o tivemos muito tempo para preparar este jogo, mas sabemos que o Benfica \u00e9 uma forte equipa e que, na sexta-feira, teve uma excelente presta\u00e7\u00e3o frente ao Sporting (1-1), que \u00e9 bicampe\u00e3o.&#8221;<\/p>\n<p>Arbitragem<\/p>\n<p>Slavko Vincic foi nomeado para dirigir o encontro no Est\u00e1dio da Luz e estar\u00e1 acompanhado pelos assistentes Toma\u017e Klancnik e Andra\u017e Kovacic. David \u0160majc ser\u00e1 o quarto \u00e1rbitro. No sistema de videoarbitragem v\u00e3o estar respons\u00e1veis Christian Dingert e Stuart Attwell.<\/p>\n","protected":false},"excerpt":{"rendered":"O Est\u00e1dio da Luz vai voltar a abrir portas para mais um jogo europeu. O Benfica vai defrontar&hellip;\n","protected":false},"author":2,"featured_media":182657,"comment_status":"","ping_status":"","sticky":false,"template":"","format":"standard","meta":{"footnotes":""},"categories":[8],"tags":[27,28,15,16,14,25,26,21,22,12,13,19,20,32,23,24,33,17,18,29,30,31],"class_list":{"0":"post-182656","1":"post","2":"type-post","3":"status-publish","4":"format-standard","5":"has-post-thumbnail","7":"category-principais-noticias","8":"tag-breaking-news","9":"tag-breakingnews","10":"tag-featured-news","11":"tag-featurednews","12":"tag-headlines","13":"tag-latest-news","14":"tag-latestnews","15":"tag-main-news","16":"tag-mainnews","17":"tag-news","18":"tag-noticias","19":"tag-noticias-principais","20":"tag-noticiasprincipais","21":"tag-portugal","22":"tag-principais-noticias","23":"tag-principaisnoticias","24":"tag-pt","25":"tag-top-stories","26":"tag-topstories","27":"tag-ultimas","28":"tag-ultimas-noticias","29":"tag-ultimasnoticias"},"share_on_mastodon":{"url":"https:\/\/pubeurope.com\/@pt\/115695056038437983","error":""},"_links":{"self":[{"href":"https:\/\/www.europesays.com\/pt\/wp-json\/wp\/v2\/posts\/182656","targetHints":{"allow":["GET"]}}],"collection":[{"href":"https:\/\/www.europesays.com\/pt\/wp-json\/wp\/v2\/posts"}],"about":[{"href":"https:\/\/www.europesays.com\/pt\/wp-json\/wp\/v2\/types\/post"}],"author":[{"embeddable":true,"href":"https:\/\/www.europesays.com\/pt\/wp-json\/wp\/v2\/users\/2"}],"replies":[{"embeddable":true,"href":"https:\/\/www.europesays.com\/pt\/wp-json\/wp\/v2\/comments?post=182656"}],"version-history":[{"count":0,"href":"https:\/\/www.europesays.com\/pt\/wp-json\/wp\/v2\/posts\/182656\/revisions"}],"wp:featuredmedia":[{"embeddable":true,"href":"https:\/\/www.europesays.com\/pt\/wp-json\/wp\/v2\/media\/182657"}],"wp:attachment":[{"href":"https:\/\/www.europesays.com\/pt\/wp-json\/wp\/v2\/media?parent=182656"}],"wp:term":[{"taxonomy":"category","embeddable":true,"href":"https:\/\/www.europesays.com\/pt\/wp-json\/wp\/v2\/categories?post=182656"},{"taxonomy":"post_tag","embeddable":true,"href":"https:\/\/www.europesays.com\/pt\/wp-json\/wp\/v2\/tags?post=182656"}],"curies":[{"name":"wp","href":"https:\/\/api.w.org\/{rel}","templated":true}]}}