{"id":182660,"date":"2025-12-10T11:36:09","date_gmt":"2025-12-10T11:36:09","guid":{"rendered":"https:\/\/www.europesays.com\/pt\/182660\/"},"modified":"2025-12-10T11:36:09","modified_gmt":"2025-12-10T11:36:09","slug":"vem-ai-em-terra-forte-delfina-ultrapassa-os-limites-e-e-expulsa-e-avisada-novelas","status":"publish","type":"post","link":"https:\/\/www.europesays.com\/pt\/182660\/","title":{"rendered":"Vem a\u00ed em \u00abTerra Forte\u00bb: Delfina ultrapassa os limites e \u00e9 expulsa e avisada &#8211; Novelas"},"content":{"rendered":"<p>Em \u00abTerra Forte\u00bb, <a href=\"https:\/\/tvi.iol.pt\/novelas\/fotos\/vem-ai-em-terra-forte-em-lagrimas-e-rejeitada-rosa-maria-deixa-flor-para-tras\/68f64dafd34e58bc6797196e\" rel=\"nofollow noopener\" target=\"_blank\">Rosa Maria (Cust\u00f3dia Gallego)<\/a>\u00a0j\u00e1 recobrou os sentidos, estando muito preocupada com o estado de <a href=\"https:\/\/tvi.iol.pt\/novelas\/videos\/terra-forte-no-dia-do-seu-aniversario-flor-recebe-uma-visita-inesperada\/68f65c7a0cf29d28d82976c8\" rel=\"nofollow noopener\" target=\"_blank\">Flor (Benedita Pereira)<\/a>, com <a href=\"https:\/\/tvi.iol.pt\/novelas\/videos\/terra-forte-foi-dani-a-filha-de-maria-de-fatima-que-atingiu-a-propria-mae\/68f61cd50cf285ab53a6aaf8\" rel=\"nofollow noopener\" target=\"_blank\">Dani (Camy Ribau)<\/a>\u00a0a dizer-lhe que s\u00f3 sabe que ela foi levada para o hospital. Delfina entra para confortar Rosa Maria, dizendo que pensava que Flor j\u00e1 tinha morrido. Rosa Maria olha-a furiosa. Delfina (Elsa Galv\u00e3o) prossegue a dizer a Rosa Maria estar cheia de pena dela por achar que Flor n\u00e3o vai sobreviver. Rosa Maria n\u00e3o aguenta mais e expulsa Delfina de casa, furiosa com os maus press\u00e1gios dela.<\/p>\n<p>Delfina faz queixas no Ninho de Rosa Maria a ter posto fora de casa. <a href=\"https:\/\/tvi.iol.pt\/novelas\/videos\/terra-forte-maria-de-fatima-ameaca-gloria\/68fa5c280cf29d28d8298113\" rel=\"nofollow noopener\" target=\"_blank\">Gl\u00f3ria (Maria Jo\u00e3o Pinho)<\/a>\u00a0diz a Delfina saber que ela faz tudo para dizer mal dos outros, avisando-a n\u00e3o ir permitir que ela diga o que seja de Vivi. Gl\u00f3ria decide tirar dali o stand-up de Vivi, deixando Rufino desolado. S\u00f3nia (Mafalda Tavares) meneia a cabe\u00e7a.\u00a0<\/p>\n<p>Recorde-se que foi Delfina quem vendeu as fotografias de Flor aos jornalistas:\u00a0<\/p>\n","protected":false},"excerpt":{"rendered":"Em \u00abTerra Forte\u00bb, Rosa Maria (Cust\u00f3dia Gallego)\u00a0j\u00e1 recobrou os sentidos, estando muito preocupada com o estado de Flor&hellip;\n","protected":false},"author":2,"featured_media":182661,"comment_status":"","ping_status":"","sticky":false,"template":"","format":"standard","meta":{"footnotes":""},"categories":[142],"tags":[160,166,18259,36270,36269,114,115,157,167,164,161,158,165,159,32,33,156,27871,18614,163,151,162],"class_list":{"0":"post-182660","1":"post","2":"type-post","3":"status-publish","4":"format-standard","5":"has-post-thumbnail","7":"category-tv","8":"tag-ana-guiomar","9":"tag-cristina-ferreira","10":"tag-custodia-gallego","11":"tag-delfina","12":"tag-elsa-galvao","13":"tag-entertainment","14":"tag-entretenimento","15":"tag-festa-e-festa","16":"tag-ficcao","17":"tag-jose-fidalgo","18":"tag-novelas","19":"tag-para-sempre","20":"tag-pedro-sousa","21":"tag-pedro-teixeira","22":"tag-portugal","23":"tag-pt","24":"tag-queridos-papas","25":"tag-rosa-maria","26":"tag-terra-forte","27":"tag-tiago-teotonio-pereira","28":"tag-tv","29":"tag-tvi"},"share_on_mastodon":{"url":"https:\/\/pubeurope.com\/@pt\/115695071229963877","error":""},"_links":{"self":[{"href":"https:\/\/www.europesays.com\/pt\/wp-json\/wp\/v2\/posts\/182660","targetHints":{"allow":["GET"]}}],"collection":[{"href":"https:\/\/www.europesays.com\/pt\/wp-json\/wp\/v2\/posts"}],"about":[{"href":"https:\/\/www.europesays.com\/pt\/wp-json\/wp\/v2\/types\/post"}],"author":[{"embeddable":true,"href":"https:\/\/www.europesays.com\/pt\/wp-json\/wp\/v2\/users\/2"}],"replies":[{"embeddable":true,"href":"https:\/\/www.europesays.com\/pt\/wp-json\/wp\/v2\/comments?post=182660"}],"version-history":[{"count":0,"href":"https:\/\/www.europesays.com\/pt\/wp-json\/wp\/v2\/posts\/182660\/revisions"}],"wp:featuredmedia":[{"embeddable":true,"href":"https:\/\/www.europesays.com\/pt\/wp-json\/wp\/v2\/media\/182661"}],"wp:attachment":[{"href":"https:\/\/www.europesays.com\/pt\/wp-json\/wp\/v2\/media?parent=182660"}],"wp:term":[{"taxonomy":"category","embeddable":true,"href":"https:\/\/www.europesays.com\/pt\/wp-json\/wp\/v2\/categories?post=182660"},{"taxonomy":"post_tag","embeddable":true,"href":"https:\/\/www.europesays.com\/pt\/wp-json\/wp\/v2\/tags?post=182660"}],"curies":[{"name":"wp","href":"https:\/\/api.w.org\/{rel}","templated":true}]}}