{"id":182668,"date":"2025-12-10T11:41:20","date_gmt":"2025-12-10T11:41:20","guid":{"rendered":"https:\/\/www.europesays.com\/pt\/182668\/"},"modified":"2025-12-10T11:41:20","modified_gmt":"2025-12-10T11:41:20","slug":"ex-concorrentes-fazem-previsao-sobre-o-namoro-de-liliana-e-fabio","status":"publish","type":"post","link":"https:\/\/www.europesays.com\/pt\/182668\/","title":{"rendered":"Ex-concorrentes fazem previs\u00e3o sobre o namoro de Liliana e F\u00e1bio"},"content":{"rendered":"<p>\t\t\t\t\t\t\t\t\t\t\t\t<a href=\"#\" onclick=\"window.open('http:\/\/www.facebook.com\/sharer.php?u=https:\/\/cusquices.com\/ex-concorrentes-fazem-previsao-sobre-o-namoro-de-liliana-e-fabio\/&amp;t=Ex-concorrentes fazem previs\u00e3o sobre o namoro de Liliana e F\u00e1bio', 'facebookShare', 'width=626,height=436'); return false;\" title=\"Share on Facebook\"><\/p>\n<p>Share<\/p>\n<p><\/a><br \/>\n\t\t\t\t\t\t\t\t\t\t\t\t<a href=\"#\" onclick=\"window.open('http:\/\/twitter.com\/share?text=Ex-concorrentes fazem previs\u00e3o sobre o namoro de Liliana e F\u00e1bio -&amp;url=https:\/\/cusquices.com\/ex-concorrentes-fazem-previsao-sobre-o-namoro-de-liliana-e-fabio\/', 'twitterShare', 'width=626,height=436'); return false;\" title=\"Tweet This Post\"><\/p>\n<p>Tweet<\/p>\n<p><\/a><br \/>\n\t\t\t\t\t\t\t\t\t\t\t\t<a href=\"whatsapp:\/\/send?text=Ex-concorrentes fazem previs\u00e3o sobre o namoro de Liliana e F\u00e1bio https:\/\/cusquices.com\/ex-concorrentes-fazem-previsao-sobre-o-namoro-de-liliana-e-fabio\/\" rel=\"nofollow\"><\/p>\n<p>Share<\/p>\n<p><\/a><br \/>\n\t\t\t\t\t\t\t\t\t\t\t\t<a href=\"#\" onclick=\"window.open('http:\/\/pinterest.com\/pin\/create\/button\/?url=https:\/\/cusquices.com\/ex-concorrentes-fazem-previsao-sobre-o-namoro-de-liliana-e-fabio\/&amp;media=https:\/\/cusquices.com\/wp-content\/uploads\/2025\/12\/lilifabio-1000x600.jpg&amp;description=Ex-concorrentes fazem previs\u00e3o sobre o namoro de Liliana e F\u00e1bio', 'pinterestShare', 'width=750,height=350'); return false;\" title=\"Pin This Post\"><\/p>\n<p>Share<\/p>\n<p><\/a><br \/>\n\t\t\t\t\t\t\t\t\t\t\t\t<a href=\"mailto:?subject=Ex-concorrentes fazem previs\u00e3o sobre o namoro de Liliana e F\u00e1bio&amp;BODY=I found this article interesting and thought of sharing it with you. Check it out: https:\/\/cusquices.com\/ex-concorrentes-fazem-previsao-sobre-o-namoro-de-liliana-e-fabio\/\"><\/p>\n<p>Email<\/p>\n<p><\/a><br \/>\n\t\t\t\t\t\t\t\t\t\t\t\t\t\t\t\t\t\t\t\t\t\t\t\t\t\t\t\t\t\t\t\t\t\t\t\t\t\t\t\t\t\t\t\t\t\t\t\t\t\t\t\t\t<a href=\"https:\/\/cusquices.com\/ex-concorrentes-fazem-previsao-sobre-o-namoro-de-liliana-e-fabio\/#respond\" rel=\"nofollow noopener\" target=\"_blank\"><\/p>\n<p>\u201cF\u00e1bio e Liliana v\u00e3o ter futuro c\u00e1 fora?\u201d \u2013 Ex-concorrentes revelam os seus palpites.<\/p>\n<p>No Extra do Secret Story desta segunda-feira, 8 de dezembro, Marta Cardoso mostrou uma s\u00e9rie de entrevistas aos ex-concorrentes presentes na \u00faltima gala, onde estes partilharam a sua opini\u00e3o sobre o futuro da rela\u00e7\u00e3o entre F\u00e1bio e Liliana<\/p>\n<p><strong>\u201cF\u00e1bio e Liliana v\u00e3o ter futuro c\u00e1 fora?\u201d,<\/strong> questionou o rep\u00f3rter da TVI. Dylan foi o primeiro a dar a sua opini\u00e3o e deixou claro que n\u00e3o acredita no futuro da rela\u00e7\u00e3o<strong>: \u201cSinceramente acho que n\u00e3o. J\u00e1 achava isso l\u00e1 dentro. Acho, sim, que o F\u00e1bio tinha interesse nela e que est\u00e1 a perd\u00ea-lo agora. Acho que a Liliana sempre usou aquilo como jogo e n\u00e3o acredito que c\u00e1 fora eles tenham a capacidade de ficar juntos.\u201d<\/strong><\/p>\n<p>Sandro, que foi um dos grandes apoiantes do casal, tamb\u00e9m n\u00e3o acredita no futuro da rela\u00e7\u00e3o:<strong> \u201cEu sinceramente acho que n\u00e3o. Eu apoio os dois, sou amigo dos dois, independentemente que eles fiquem juntos ou separados. (\u2026) O F\u00e1bio est\u00e1 muito saturado\u201d<\/strong><\/p>\n<p>Bruno, acha que c\u00e1 fora Liliana vai-se deslumbrar com a fama e o relacionamento com F\u00e1bio n\u00e3o \u00e9 para durar:<strong>\u201cNa minha opini\u00e3o n\u00e3o. Eu acho que o F\u00e1bio s\u00f3 continua a estar com a Liliana porque lhe conv\u00e9m no jogo, porque se se separasse da Liliana s\u00f3 tinha a perder. Eu acho que ele j\u00e1 n\u00e3o est\u00e1 com paci\u00eancia para ela. (\u2026) Eu acredito que ela se v\u00e1 deslumbrar com a vida c\u00e1 fora e rapidamente o F\u00e1bio vai passar \u00e0 hist\u00f3ria\u201d<\/strong>.<\/p>\n<p><strong>Ana Cristina<\/strong> tamb\u00e9m n\u00e3o acredita no futuro da rela\u00e7\u00e3o: <strong>\u201cCoitados!  (\u2026) Eles est\u00e3o muito bem um para o outro\u201d. Raquel <\/strong>afirma: <strong>\u201cEla j\u00e1 percebeu que ele est\u00e1 a perder o interesse\u201d. Joana t<\/strong>amb\u00e9m n\u00e3o acredita que a rela\u00e7\u00e3o de F\u00e1bio e Liliana tenha pernas para andar: <strong>\u201cEu acho que uma rela\u00e7\u00e3o \u00e9 constru\u00edda na base da confian\u00e7a e a partir do momento que n\u00e3o h\u00e1 confian\u00e7a, n\u00e3o h\u00e1 futuro numa rela\u00e7\u00e3o.<\/strong>\u201c<\/p>\n<p>Pode ver o <a href=\"https:\/\/tvi.iol.pt\/secretstory\/videos\/e-unanime-ex-concorrentes-do-secret-story-nao-acreditam-num-futuro-entre-fabio-e-liliana\/6937f2ab0cf28fe430487927\" target=\"_blank\" rel=\"noreferrer noopener nofollow\">momento aqui.<\/a><\/p>\n<p><strong>Leia tamb\u00e9m:<\/strong><\/p>\n<p>\t\t\t\t\t\t\t\t\t\t\t\t\t\t\t\t\t\t\t\t\t\t\t\t\t<img decoding=\"async\" src=\"https:\/\/www.europesays.com\/pt\/wp-content\/uploads\/2025\/10\/cusquices-logo-52x.png\" class=\"webpexpress-processed\"\/><\/p>\n<p>\t\t\t\t\t\t\t\t\t\t\t\t\t\t\t\t\t\t\t\t\t            \t\t\t\t\t\t\t\t\t\t\t\t\t\t\t\t\t\t\t\t\t\t\t\t\t\t\t\t\t\t\t\t\t\t\t\t\t\t\t<script async src=\"https:\/\/platform.twitter.com\/widgets.js\" charset=\"utf-8\"><\/script><\/p>\n","protected":false},"excerpt":{"rendered":"Share Tweet Share Share Email \u201cF\u00e1bio e Liliana v\u00e3o ter futuro c\u00e1 fora?\u201d \u2013 Ex-concorrentes revelam os seus&hellip;\n","protected":false},"author":2,"featured_media":182669,"comment_status":"","ping_status":"","sticky":false,"template":"","format":"standard","meta":{"footnotes":""},"categories":[85],"tags":[2632,49,114,115,19082,24883,32,33],"class_list":{"0":"post-182668","1":"post","2":"type-post","3":"status-publish","4":"format-standard","5":"has-post-thumbnail","7":"category-entretenimento","8":"tag-casa-dos-segredos","9":"tag-destaques","10":"tag-entertainment","11":"tag-entretenimento","12":"tag-fabio","13":"tag-liliana-oliveira","14":"tag-portugal","15":"tag-pt"},"share_on_mastodon":{"url":"https:\/\/pubeurope.com\/@pt\/115695090909638300","error":""},"_links":{"self":[{"href":"https:\/\/www.europesays.com\/pt\/wp-json\/wp\/v2\/posts\/182668","targetHints":{"allow":["GET"]}}],"collection":[{"href":"https:\/\/www.europesays.com\/pt\/wp-json\/wp\/v2\/posts"}],"about":[{"href":"https:\/\/www.europesays.com\/pt\/wp-json\/wp\/v2\/types\/post"}],"author":[{"embeddable":true,"href":"https:\/\/www.europesays.com\/pt\/wp-json\/wp\/v2\/users\/2"}],"replies":[{"embeddable":true,"href":"https:\/\/www.europesays.com\/pt\/wp-json\/wp\/v2\/comments?post=182668"}],"version-history":[{"count":0,"href":"https:\/\/www.europesays.com\/pt\/wp-json\/wp\/v2\/posts\/182668\/revisions"}],"wp:featuredmedia":[{"embeddable":true,"href":"https:\/\/www.europesays.com\/pt\/wp-json\/wp\/v2\/media\/182669"}],"wp:attachment":[{"href":"https:\/\/www.europesays.com\/pt\/wp-json\/wp\/v2\/media?parent=182668"}],"wp:term":[{"taxonomy":"category","embeddable":true,"href":"https:\/\/www.europesays.com\/pt\/wp-json\/wp\/v2\/categories?post=182668"},{"taxonomy":"post_tag","embeddable":true,"href":"https:\/\/www.europesays.com\/pt\/wp-json\/wp\/v2\/tags?post=182668"}],"curies":[{"name":"wp","href":"https:\/\/api.w.org\/{rel}","templated":true}]}}