{"id":182674,"date":"2025-12-10T11:44:04","date_gmt":"2025-12-10T11:44:04","guid":{"rendered":"https:\/\/www.europesays.com\/pt\/182674\/"},"modified":"2025-12-10T11:44:04","modified_gmt":"2025-12-10T11:44:04","slug":"japao-emite-alerta-de-mega-sismo-no-norte-apos-tremor-de-magnitude-75","status":"publish","type":"post","link":"https:\/\/www.europesays.com\/pt\/182674\/","title":{"rendered":"Jap\u00e3o emite alerta de mega-sismo no norte ap\u00f3s tremor de magnitude 7,5"},"content":{"rendered":"<p><strong>Acompanhe toda a atualidade informativa em\u00a0<a href=\"http:\/\/24noticias.sapo.pt\/\" rel=\"nofollow noopener\" target=\"_blank\">24noticias.sapo.pt<\/a><\/strong><\/p>\n<p>O Jap\u00e3o emitiu um alerta de mega-sismo na sequ\u00eancia de um tremor de magnitude 7,5 registado frente \u00e0 costa de Aomori, a prov\u00edncia mais setentrional da ilha de Honshu, diz o <a href=\"https:\/\/www.theguardian.com\/world\/2025\/dec\/10\/japan-megaquake-advisory-north-tsunami-fears\" target=\"_blank\" rel=\"noreferrer noopener nofollow\">The Guardian<\/a>.<\/p>\n<p>Apesar da intensidade do sismo, os danos registados foram moderados: 34 pessoas sofreram ferimentos ligeiros e algumas estradas e edif\u00edcios sofreram danos limitados.<\/p>\n<p>As autoridades japonesas salientaram que o alerta n\u00e3o constitui uma previs\u00e3o, referindo que a probabilidade de ocorrer um sismo de magnitude 8 ou superior \u00e9 apenas de cerca de 1%. Contudo, sublinharam que a medida pretende assegurar que a popula\u00e7\u00e3o esteja preparada para um eventual sismo devastador, semelhante ao de 2011, que causou quase 20.000 mortos.<\/p>\n<p>O Governo alertou ainda para um risco aumentado de ocorr\u00eancia de um sismo de magnitude 8 ou superior na pr\u00f3xima semana, especialmente nas zonas costeiras, e apelou \u00e0 prepara\u00e7\u00e3o da popula\u00e7\u00e3o. No ver\u00e3o de 2024, a metade sul da costa pac\u00edfica do Jap\u00e3o recebeu um alerta similar, relativo \u00e0 falha de Nankai, mas a comunica\u00e7\u00e3o amb\u00edgua desse aviso provocou compras de p\u00e2nico, cancelamento de eventos e encerramento de empresas.<\/p>\n<p>A Ag\u00eancia Meteorol\u00f3gica Japonesa (JMA) explicou que o sismo de segunda-feira aumentou temporariamente os riscos nas regi\u00f5es de Hokkaido e da costa de Sanriku, onde a placa do Pac\u00edfico forma duas falhas \u2013 a falha do Jap\u00e3o e a falha Chishima \u2013 respons\u00e1veis por v\u00e1rios sismos de grande magnitude no passado.<\/p>\n<p>___<\/p>\n<p><strong>A sua newsletter de sempre, agora ainda mais \u00fatil<\/strong><\/p>\n<p>Com o lan\u00e7amento da nova marca de informa\u00e7\u00e3o 24not\u00edcias, estamos a mudar a plataforma de newsletters, aproveitando para refor\u00e7ar a informa\u00e7\u00e3o que os leitores mais valorizam:<strong> a que lhes \u00e9 \u00fatil, ajuda a tomar decis\u00f5es e a entender o mundo.<\/strong><\/p>\n<p><strong>Assine a nova newsletter do 24not\u00edcias <a href=\"https:\/\/sapo.us1.list-manage.com\/subscribe?u=8f49263740b14ab5854be8045&amp;id=57a39c5e8f\" target=\"_blank\" rel=\"noreferrer noopener nofollow\">aqui<\/a>.<\/strong><\/p>\n","protected":false},"excerpt":{"rendered":"Acompanhe toda a atualidade informativa em\u00a024noticias.sapo.pt O Jap\u00e3o emitiu um alerta de mega-sismo na sequ\u00eancia de um tremor&hellip;\n","protected":false},"author":2,"featured_media":182675,"comment_status":"","ping_status":"","sticky":false,"template":"","format":"standard","meta":{"footnotes":""},"categories":[50],"tags":[27,28,15,16,14,25,26,21,22,62,12,13,19,20,23,24,17,18,29,30,31,63,64,65],"class_list":{"0":"post-182674","1":"post","2":"type-post","3":"status-publish","4":"format-standard","5":"has-post-thumbnail","7":"category-mundo","8":"tag-breaking-news","9":"tag-breakingnews","10":"tag-featured-news","11":"tag-featurednews","12":"tag-headlines","13":"tag-latest-news","14":"tag-latestnews","15":"tag-main-news","16":"tag-mainnews","17":"tag-mundo","18":"tag-news","19":"tag-noticias","20":"tag-noticias-principais","21":"tag-noticiasprincipais","22":"tag-principais-noticias","23":"tag-principaisnoticias","24":"tag-top-stories","25":"tag-topstories","26":"tag-ultimas","27":"tag-ultimas-noticias","28":"tag-ultimasnoticias","29":"tag-world","30":"tag-world-news","31":"tag-worldnews"},"share_on_mastodon":{"url":"","error":""},"_links":{"self":[{"href":"https:\/\/www.europesays.com\/pt\/wp-json\/wp\/v2\/posts\/182674","targetHints":{"allow":["GET"]}}],"collection":[{"href":"https:\/\/www.europesays.com\/pt\/wp-json\/wp\/v2\/posts"}],"about":[{"href":"https:\/\/www.europesays.com\/pt\/wp-json\/wp\/v2\/types\/post"}],"author":[{"embeddable":true,"href":"https:\/\/www.europesays.com\/pt\/wp-json\/wp\/v2\/users\/2"}],"replies":[{"embeddable":true,"href":"https:\/\/www.europesays.com\/pt\/wp-json\/wp\/v2\/comments?post=182674"}],"version-history":[{"count":0,"href":"https:\/\/www.europesays.com\/pt\/wp-json\/wp\/v2\/posts\/182674\/revisions"}],"wp:featuredmedia":[{"embeddable":true,"href":"https:\/\/www.europesays.com\/pt\/wp-json\/wp\/v2\/media\/182675"}],"wp:attachment":[{"href":"https:\/\/www.europesays.com\/pt\/wp-json\/wp\/v2\/media?parent=182674"}],"wp:term":[{"taxonomy":"category","embeddable":true,"href":"https:\/\/www.europesays.com\/pt\/wp-json\/wp\/v2\/categories?post=182674"},{"taxonomy":"post_tag","embeddable":true,"href":"https:\/\/www.europesays.com\/pt\/wp-json\/wp\/v2\/tags?post=182674"}],"curies":[{"name":"wp","href":"https:\/\/api.w.org\/{rel}","templated":true}]}}