{"id":182684,"date":"2025-12-10T11:51:12","date_gmt":"2025-12-10T11:51:12","guid":{"rendered":"https:\/\/www.europesays.com\/pt\/182684\/"},"modified":"2025-12-10T11:51:12","modified_gmt":"2025-12-10T11:51:12","slug":"fantastico-e-domingo-espetacular-sofrem-queda-na-audiencia-10-12-2025-outro-canal","status":"publish","type":"post","link":"https:\/\/www.europesays.com\/pt\/182684\/","title":{"rendered":"Fant\u00e1stico e Domingo Espetacular sofrem queda na audi\u00eancia &#8211; 10\/12\/2025 &#8211; Outro Canal"},"content":{"rendered":"<p>\n<strong class=\"c-signature__location\">Aracaju <\/strong>\n<\/p>\n<p>O <a href=\"https:\/\/www1.folha.uol.com.br\/folha-topicos\/fantastico\/\" rel=\"nofollow noopener\" target=\"_blank\">Fant\u00e1stico<\/a>, da <a href=\"https:\/\/www1.folha.uol.com.br\/folha-topicos\/globo\/\" rel=\"nofollow noopener\" target=\"_blank\">Globo<\/a>, e o Domingo Espetacular, da <a href=\"https:\/\/www1.folha.uol.com.br\/folha-topicos\/record\/\" rel=\"nofollow noopener\" target=\"_blank\">Record<\/a>, vivem momentos ruins na audi\u00eancia. As revistas eletr\u00f4nicas devem fechar 2025 com as piores m\u00e9dias de audi\u00eancia na d\u00e9cada.<\/p>\n<p>  <a href=\"https:\/\/f5.folha.uol.com.br\/colunistas\/outro-canal\/\" rel=\"nofollow noopener\" target=\"_blank\"><br \/>\n    <img decoding=\"async\" src=\"https:\/\/www.europesays.com\/pt\/wp-content\/uploads\/2025\/10\/172599691166e09f6f54fe2_1725996911_1x1_xs.jpg\" alt=\"Foto de Outro Canal\" class=\"img-responsive c-lazyload\"\/><\/p>\n<p>  <\/a><\/p>\n<p class=\"author__description\">\n    Cobre diariamente os bastidores das novelas, do telejornalismo e da m\u00eddia esportiva. Tem como titular o jornalista Gabriel Vaquer\n  <\/p>\n","protected":false},"excerpt":{"rendered":"Aracaju O Fant\u00e1stico, da Globo, e o Domingo Espetacular, da Record, vivem momentos ruins na audi\u00eancia. As revistas&hellip;\n","protected":false},"author":2,"featured_media":182685,"comment_status":"","ping_status":"","sticky":false,"template":"","format":"standard","meta":{"footnotes":""},"categories":[142],"tags":[219,3287,211,223,7547,114,115,224,225,6107,226,753,221,220,222,15848,17644,37306,32,33,2568,3288,2566,218,228,151,227],"class_list":{"0":"post-182684","1":"post","2":"type-post","3":"status-publish","4":"format-standard","5":"has-post-thumbnail","7":"category-tv","8":"tag-bichos","9":"tag-carolina-ferraz","10":"tag-celebridades","11":"tag-colunistas","12":"tag-domingo-espetacular","13":"tag-entertainment","14":"tag-entretenimento","15":"tag-estranho","16":"tag-eu-amo","17":"tag-fantstico","18":"tag-fofices","19":"tag-globo","20":"tag-horoscopo","21":"tag-humanos","22":"tag-humor","23":"tag-jornal-hoje","24":"tag-maju-coutinho","25":"tag-poliana-abritta","26":"tag-portugal","27":"tag-pt","28":"tag-record","29":"tag-roberto-cabrini","30":"tag-televiso","31":"tag-televisao","32":"tag-tudo","33":"tag-tv","34":"tag-videos"},"share_on_mastodon":{"url":"https:\/\/pubeurope.com\/@pt\/115695130327403584","error":""},"_links":{"self":[{"href":"https:\/\/www.europesays.com\/pt\/wp-json\/wp\/v2\/posts\/182684","targetHints":{"allow":["GET"]}}],"collection":[{"href":"https:\/\/www.europesays.com\/pt\/wp-json\/wp\/v2\/posts"}],"about":[{"href":"https:\/\/www.europesays.com\/pt\/wp-json\/wp\/v2\/types\/post"}],"author":[{"embeddable":true,"href":"https:\/\/www.europesays.com\/pt\/wp-json\/wp\/v2\/users\/2"}],"replies":[{"embeddable":true,"href":"https:\/\/www.europesays.com\/pt\/wp-json\/wp\/v2\/comments?post=182684"}],"version-history":[{"count":0,"href":"https:\/\/www.europesays.com\/pt\/wp-json\/wp\/v2\/posts\/182684\/revisions"}],"wp:featuredmedia":[{"embeddable":true,"href":"https:\/\/www.europesays.com\/pt\/wp-json\/wp\/v2\/media\/182685"}],"wp:attachment":[{"href":"https:\/\/www.europesays.com\/pt\/wp-json\/wp\/v2\/media?parent=182684"}],"wp:term":[{"taxonomy":"category","embeddable":true,"href":"https:\/\/www.europesays.com\/pt\/wp-json\/wp\/v2\/categories?post=182684"},{"taxonomy":"post_tag","embeddable":true,"href":"https:\/\/www.europesays.com\/pt\/wp-json\/wp\/v2\/tags?post=182684"}],"curies":[{"name":"wp","href":"https:\/\/api.w.org\/{rel}","templated":true}]}}