{"id":182694,"date":"2025-12-10T11:57:21","date_gmt":"2025-12-10T11:57:21","guid":{"rendered":"https:\/\/www.europesays.com\/pt\/182694\/"},"modified":"2025-12-10T11:57:21","modified_gmt":"2025-12-10T11:57:21","slug":"galaxy-a55-e-a56-comecam-a-receber-patch-de-seguranca-de-dezembro","status":"publish","type":"post","link":"https:\/\/www.europesays.com\/pt\/182694\/","title":{"rendered":"Galaxy A55 e A56 come\u00e7am a receber patch de seguran\u00e7a de dezembro"},"content":{"rendered":"<p>O <strong><a class=\"tg-link-manual\" href=\"https:\/\/www.oficinadanet.com.br\/samsung\/66150-samsung-detalha-correcoes-patch-seguranca-dezembro\" rel=\"nofollow noopener\" target=\"_blank\">patch de seguran\u00e7a de dezembro de 2025<\/a><\/strong> est\u00e1 chegando a mais dois celulares da <strong>Samsung<\/strong>. <a class=\"tg-link-manual\" href=\"https:\/\/www.oficinadanet.com.br\/samsung\/66258-galaxy-z-fold7-z-flip7-recebem-patch-seguranca-dezembro\" rel=\"nofollow noopener\" target=\"_blank\">Ap\u00f3s liberar a atualiza\u00e7\u00e3o para o <strong>Galaxy Z Fold7<\/strong> e<strong> Z Flip7<\/strong><strong\/><\/a>, a gigante sul-coreana come\u00e7ou a atualizar o <strong>Galaxy A55 <\/strong>e <strong>A56<\/strong>. O update n\u00e3o traz mudan\u00e7as visuais ou novos recursos, mas \u00e9 importante porque corrige diversas vulnerabilidades no sistema, aumentando o n\u00edvel de prote\u00e7\u00e3o dos aparelhos.<\/p>\n<p>Galaxy A55 e A56 recebem patch de dezembro<\/p>\n<p>O <a class=\"lib tg-lib\" href=\"https:\/\/www.oficinadanet.com.br\/android\/48466-como-funciona-o-security-patch-do-android\" rel=\"nofollow noopener\" target=\"_blank\">patch de seguran\u00e7a<\/a> de dezembro est\u00e1 sendo distribu\u00eddo para o <strong>Galaxy A55<\/strong> e<strong> A56<\/strong> vendido na Coreia do Sul, mas se nenhum problema for identificado durante essa fase inicial, a expectativa \u00e9 de que a atualiza\u00e7\u00e3o chegue em breve a outros mercados, incluindo o Brasil.<\/p>\n<p>A nova vers\u00e3o, identificada pelos firmwares &#8220;<strong>CYL1<\/strong>&#8221; (A55) e &#8220;<strong>BYL2<\/strong>&#8221; (A56), corrige <strong>57 vulnerabilidades de seguran\u00e7a<\/strong>, incluindo brechas em softwares internos e componentes do <a class=\"lib tg-lib\" href=\"https:\/\/www.oficinadanet.com.br\/android\" rel=\"nofollow noopener\" target=\"_blank\">Android<\/a>, o que reduz riscos de invas\u00f5es, spyware e falhas que poderiam comprometer dados pessoais.<\/p>\n<p><a class=\"tg-link-manual\" href=\"https:\/\/www.oficinadanet.com.br\/samsung\/64606-one-ui-8-5-samsung-novos-recursos\" rel=\"nofollow noopener\" target=\"_blank\">Vale lembrar que esses intermedi\u00e1rios da <strong>Samsung <\/strong>tamb\u00e9m v\u00e3o receber a <strong>One UI 8.5<\/strong><\/a>. A pr\u00f3xima interface da marca, prevista para 2026, deve estrear um <strong>novo visual com vidro fosco, menus flutuantes e \u00edcones 3D<\/strong>, sinalizando uma transi\u00e7\u00e3o est\u00e9tica ainda mais moderna para o ecossistema Galaxy.<\/p>\n<p>Como atualizar<\/p>\n<p>Se voc\u00ea tem um <strong>Galaxy A55 <\/strong>ou <strong>A56<\/strong>, pode verificar se a atualiza\u00e7\u00e3o j\u00e1 est\u00e1 dispon\u00edvel para o seu aparelho. Para isso, siga os passos:<\/p>\n<ol>\n<li>Abra as <strong>Configura\u00e7\u00f5es<\/strong> do celular;<\/li>\n<li>Toque em <strong>Atualiza\u00e7\u00e3o de software<\/strong>;<\/li>\n<li>Selecione <strong>Baixar e instalar<\/strong>.<\/li>\n<\/ol>\n<p>\ud83d\udca1 <strong>Dica<\/strong>: fa\u00e7a o download com Wi-Fi e mantenha o celular carregando durante o processo, que pode levar cerca de 15 minutos.<\/p>\n<p>Caso a atualiza\u00e7\u00e3o ainda n\u00e3o apare\u00e7a, vale aguardar mais alguns dias, pois a <strong>Samsung <\/strong>costuma liberar os pacotes em ondas, por regi\u00e3o.<\/p>\n<p><a href=\"https:\/\/www.sammyfans.com\/2025\/12\/09\/samsung-galaxy-a56-and-a55-december-2025-update\/\" class=\"tg-link-manual\" rel=\"nofollow  noopener\" target=\"_blank\">Via<\/a><\/p>\n","protected":false},"excerpt":{"rendered":"O patch de seguran\u00e7a de dezembro de 2025 est\u00e1 chegando a mais dois celulares da Samsung. Ap\u00f3s liberar&hellip;\n","protected":false},"author":2,"featured_media":182695,"comment_status":"","ping_status":"","sticky":false,"template":"","format":"standard","meta":{"footnotes":""},"categories":[84],"tags":[109,107,108,37307,37308,13,36123,32,33,952,105,103,104,954,106,110],"class_list":{"0":"post-182694","1":"post","2":"type-post","3":"status-publish","4":"format-standard","5":"has-post-thumbnail","7":"category-ciencia-e-tecnologia","8":"tag-ciencia","9":"tag-ciencia-e-tecnologia","10":"tag-cienciaetecnologia","11":"tag-galaxy-a55","12":"tag-galaxy-a56","13":"tag-noticias","14":"tag-patch-de-seguranca","15":"tag-portugal","16":"tag-pt","17":"tag-samsung","18":"tag-science","19":"tag-science-and-technology","20":"tag-scienceandtechnology","21":"tag-smartphones","22":"tag-technology","23":"tag-tecnologia"},"share_on_mastodon":{"url":"https:\/\/pubeurope.com\/@pt\/115695153549722536","error":""},"_links":{"self":[{"href":"https:\/\/www.europesays.com\/pt\/wp-json\/wp\/v2\/posts\/182694","targetHints":{"allow":["GET"]}}],"collection":[{"href":"https:\/\/www.europesays.com\/pt\/wp-json\/wp\/v2\/posts"}],"about":[{"href":"https:\/\/www.europesays.com\/pt\/wp-json\/wp\/v2\/types\/post"}],"author":[{"embeddable":true,"href":"https:\/\/www.europesays.com\/pt\/wp-json\/wp\/v2\/users\/2"}],"replies":[{"embeddable":true,"href":"https:\/\/www.europesays.com\/pt\/wp-json\/wp\/v2\/comments?post=182694"}],"version-history":[{"count":0,"href":"https:\/\/www.europesays.com\/pt\/wp-json\/wp\/v2\/posts\/182694\/revisions"}],"wp:featuredmedia":[{"embeddable":true,"href":"https:\/\/www.europesays.com\/pt\/wp-json\/wp\/v2\/media\/182695"}],"wp:attachment":[{"href":"https:\/\/www.europesays.com\/pt\/wp-json\/wp\/v2\/media?parent=182694"}],"wp:term":[{"taxonomy":"category","embeddable":true,"href":"https:\/\/www.europesays.com\/pt\/wp-json\/wp\/v2\/categories?post=182694"},{"taxonomy":"post_tag","embeddable":true,"href":"https:\/\/www.europesays.com\/pt\/wp-json\/wp\/v2\/tags?post=182694"}],"curies":[{"name":"wp","href":"https:\/\/api.w.org\/{rel}","templated":true}]}}