{"id":182698,"date":"2025-12-10T12:00:14","date_gmt":"2025-12-10T12:00:14","guid":{"rendered":"https:\/\/www.europesays.com\/pt\/182698\/"},"modified":"2025-12-10T12:00:14","modified_gmt":"2025-12-10T12:00:14","slug":"trump-diz-que-os-dias-de-maduro-estao-contados-e-nao-descarta-invasao-terrestre","status":"publish","type":"post","link":"https:\/\/www.europesays.com\/pt\/182698\/","title":{"rendered":"Trump diz que os dias de Maduro &#8220;est\u00e3o contados&#8221; e n\u00e3o descarta invas\u00e3o terrestre"},"content":{"rendered":"<p data-remotead-prev-elm=\"true\" data-remotead-elm-id=\"inread\">O chefe de Estado republicano, em entrevista ao &#8220;Politico&#8221; publicada esta ter\u00e7a-feira, foi questionado sobre at\u00e9 onde estaria disposto a ir para tirar Maduro do poder, que ocupa desde 2013, ao que respondeu: &#8220;Os seus dias est\u00e3o contados&#8221;.<\/p>\n<p>Trump n\u00e3o quis, por\u00e9m, confirmar nem descartar uma interven\u00e7\u00e3o terrestre com tropas americanas: &#8220;N\u00e3o quero falar sobre isso. Por que falaria sobre isso com a Politico, uma publica\u00e7\u00e3o t\u00e3o hostil para comigo?&#8221;.<\/p>\n<p>Esta ter\u00e7a-feira, dois ca\u00e7as F-18 norte-americanos sobrevoaram as \u00e1guas do Golfo da Venezuela durante cerca de 40 minutos, num novo gesto que contribui para aumentar a press\u00e3o de Washington sobre o Governo do l\u00edder chavista.<\/p>\n<p data-remotead-prev-elm=\"true\" data-remotead-elm-id=\"centro1\">De acordo com o servi\u00e7o de rastreamento de avia\u00e7\u00e3o Flightradar24, a opera\u00e7\u00e3o dos ca\u00e7as dos Estados Unidos ocorreu por volta das 12 horas, hora local (16 horas em Portugal continental), numa zona do golfo a cerca de 160 quil\u00f3metros a nordeste de Maracaibo, capital do estado de Zulia (fronteira com a Col\u00f4mbia).<\/p>\n<p>As autoridades venezuelanas n\u00e3o se referiram expressamente ao incidente, mas reiteraram ao longo do dia de ter\u00e7a-feira que o pa\u00eds caribenho continua disposto &#8220;a lutar&#8221; em caso de agress\u00e3o.<\/p>\n<p>Os Estados Unidos mant\u00eam h\u00e1 v\u00e1rias semanas um importante destacamento naval nas \u00e1guas do mar das Cara\u00edbas, perto da na\u00e7\u00e3o sul-americana, visto pelo Governo de Maduro como uma amea\u00e7a com o objetivo de promover uma mudan\u00e7a de regime.<\/p>\n<p data-remotead-prev-elm=\"true\" data-remotead-elm-id=\"centro2\">O ministro da Defesa venezuelano, Vladimir Padrino L\u00f3pez, afirmou na ter\u00e7a-feira que a determina\u00e7\u00e3o de lutar pela liberdade do pa\u00eds \u00e9 refor\u00e7ada &#8220;com armas&#8221;, garantindo que a For\u00e7a Armada Nacional Bolivariana (FANB) respondeu &#8220;dignamente&#8221; \u00e0s &#8220;amea\u00e7as&#8221; dos Estados Unidos e tem um plano para ripostar a &#8220;nova agress\u00e3o militar e multiforme do imperialismo norte-americano&#8221;.<\/p>\n<p>Por sua vez, o chefe da diplomacia venezuelana, Yv\u00e1n Gil, defendeu uma &#8220;ofensiva revolucion\u00e1ria&#8221; e a constru\u00e7\u00e3o de um movimento que possa responder ao &#8220;imperialismo&#8221; e aliados.<\/p>\n<p>Tamb\u00e9m o presidente do Parlamento, Jorge Rodr\u00edguez, afirmou que, &#8220;com absoluta certeza&#8221;, a Venezuela se defender\u00e1 e lutar\u00e1 contra uma eventual agress\u00e3o militar, e assegurou que os Estados Unidos querem &#8220;uma guerra para devastar&#8221; o pa\u00eds.<\/p>\n<p data-remotead-prev-elm=\"true\" data-remotead-elm-id=\"centro3\">Rodr\u00edguez reiterou ainda esta ter\u00e7a-feira que a Venezuela vai sair do Tribunal Penal Internacional (TPI) devido \u00e0 &#8220;vassalagem&#8221; dos seus representantes, sustentando que os ju\u00edzes daquele \u00f3rg\u00e3o &#8220;n\u00e3o est\u00e3o l\u00e1 para fazer justi\u00e7a nem para defender os direitos&#8221; e acusando o tribunal de n\u00e3o dizer &#8220;absolutamente nada&#8221; sobre as &#8220;amea\u00e7as e guerra psicol\u00f3gica&#8221; contra a Venezuela por parte dos Estados Unidos.<\/p>\n<p>Num aparente sinal de resili\u00eancia, durante um Conselho Nacional de Economia Produtiva, transmitido pelo canal estatal Venezolana de Televisi\u00f3n (VTV), Maduro garantiu na ter\u00e7a-feira que a produ\u00e7\u00e3o pesqueira aumentou no pa\u00eds, apesar dos m\u00edsseis lan\u00e7ados pelos Estados Unidos contra embarca\u00e7\u00f5es no mar das Cara\u00edbas.<\/p>\n<p>O Presidente venezuelano precisou que a produ\u00e7\u00e3o aqu\u00edcola cresceu 4% e a captura pesqueira 2,4% entre janeiro e novembro deste ano, sem acrescentar outros detalhes.<\/p>\n<p data-remotead-prev-elm=\"true\" data-remotead-elm-id=\"centro4\">Maduro destacou estes n\u00fameros como uma conquista no &#8220;contexto dos m\u00edsseis lan\u00e7ados contra barcos nas Cara\u00edbas&#8221; e assinalou que &#8220;a Venezuela continua a crescer na sua produ\u00e7\u00e3o&#8221;.<\/p>\n<p>O chefe de Estado disse ainda que o produto interno bruto (PIB) venezuelano dever\u00e1 crescer 9% em 2025, apesar do que designou como &#8220;contexto permanente de agress\u00e3o econ\u00f3mica&#8221;.<\/p>\n<p>No plano diplom\u00e1tico, Caracas anunciou esta ter\u00e7a-feira que Madurou manteve uma conversa telef\u00f3nica com o hom\u00f3logo iraniano, Masoud Pezeshkian, de quem recebeu o apoio face \u00e0s &#8220;provoca\u00e7\u00f5es hostis&#8221; dos Estados Unidos.<\/p>\n<p>Pezeshkian, de acordo com um comunicado do Minist\u00e9rio dos Neg\u00f3cios Estrangeiros da Venezuela, afirmou que todas as &#8220;provoca\u00e7\u00f5es hostis&#8221; violam os princ\u00edpios do direito internacional e constituem um &#8220;precedente perigoso&#8221; para os povos do mundo.<\/p>\n","protected":false},"excerpt":{"rendered":"O chefe de Estado republicano, em entrevista ao &#8220;Politico&#8221; publicada esta ter\u00e7a-feira, foi questionado sobre at\u00e9 onde estaria&hellip;\n","protected":false},"author":2,"featured_media":182699,"comment_status":"","ping_status":"","sticky":false,"template":"","format":"standard","meta":{"footnotes":""},"categories":[50],"tags":[27,28,92,413,15,16,14,25,26,21,22,62,12,3025,13,19,20,23,24,17,18,29,30,31,3023,63,64,65],"class_list":{"0":"post-182698","1":"post","2":"type-post","3":"status-publish","4":"format-standard","5":"has-post-thumbnail","7":"category-mundo","8":"tag-breaking-news","9":"tag-breakingnews","10":"tag-donald-trump","11":"tag-eua","12":"tag-featured-news","13":"tag-featurednews","14":"tag-headlines","15":"tag-latest-news","16":"tag-latestnews","17":"tag-main-news","18":"tag-mainnews","19":"tag-mundo","20":"tag-news","21":"tag-nicolas-maduro","22":"tag-noticias","23":"tag-noticias-principais","24":"tag-noticiasprincipais","25":"tag-principais-noticias","26":"tag-principaisnoticias","27":"tag-top-stories","28":"tag-topstories","29":"tag-ultimas","30":"tag-ultimas-noticias","31":"tag-ultimasnoticias","32":"tag-venezuela","33":"tag-world","34":"tag-world-news","35":"tag-worldnews"},"share_on_mastodon":{"url":"https:\/\/pubeurope.com\/@pt\/115695165510172930","error":""},"_links":{"self":[{"href":"https:\/\/www.europesays.com\/pt\/wp-json\/wp\/v2\/posts\/182698","targetHints":{"allow":["GET"]}}],"collection":[{"href":"https:\/\/www.europesays.com\/pt\/wp-json\/wp\/v2\/posts"}],"about":[{"href":"https:\/\/www.europesays.com\/pt\/wp-json\/wp\/v2\/types\/post"}],"author":[{"embeddable":true,"href":"https:\/\/www.europesays.com\/pt\/wp-json\/wp\/v2\/users\/2"}],"replies":[{"embeddable":true,"href":"https:\/\/www.europesays.com\/pt\/wp-json\/wp\/v2\/comments?post=182698"}],"version-history":[{"count":0,"href":"https:\/\/www.europesays.com\/pt\/wp-json\/wp\/v2\/posts\/182698\/revisions"}],"wp:featuredmedia":[{"embeddable":true,"href":"https:\/\/www.europesays.com\/pt\/wp-json\/wp\/v2\/media\/182699"}],"wp:attachment":[{"href":"https:\/\/www.europesays.com\/pt\/wp-json\/wp\/v2\/media?parent=182698"}],"wp:term":[{"taxonomy":"category","embeddable":true,"href":"https:\/\/www.europesays.com\/pt\/wp-json\/wp\/v2\/categories?post=182698"},{"taxonomy":"post_tag","embeddable":true,"href":"https:\/\/www.europesays.com\/pt\/wp-json\/wp\/v2\/tags?post=182698"}],"curies":[{"name":"wp","href":"https:\/\/api.w.org\/{rel}","templated":true}]}}