{"id":182718,"date":"2025-12-10T12:16:14","date_gmt":"2025-12-10T12:16:14","guid":{"rendered":"https:\/\/www.europesays.com\/pt\/182718\/"},"modified":"2025-12-10T12:16:14","modified_gmt":"2025-12-10T12:16:14","slug":"cancros-matam-quase-100-pessoas-por-dia-em-portugal","status":"publish","type":"post","link":"https:\/\/www.europesays.com\/pt\/182718\/","title":{"rendered":"Cancros matam quase 100 pessoas por dia em Portugal"},"content":{"rendered":"<p data-remotead-prev-elm=\"true\" data-remotead-elm-id=\"inread\">A tend\u00eancia \u00e9 de aumento e n\u00e3o atuar tem custos sociais e econ\u00f3micos. Mas, contra estas evid\u00eancias, Portugal continua a investir menos em sa\u00fade do que a m\u00e9dia europeia &#8211; cerca de 38% abaixo. O retrato, divulgado esta quarta-feira, \u00e9 feito por oito organiza\u00e7\u00f5es numa carta que seguiu para a ministra da Sa\u00fade e outros respons\u00e1veis p\u00fablicos com um pedido claro: &#8220;\u00c9 tempo de tratar o cancro a s\u00e9rio&#8221;.<\/p>\n<p>&#8220;Em Portugal, as doen\u00e7as oncol\u00f3gicas n\u00e3o est\u00e3o a ser tratadas como devem ser&#8221; e, neste tipo de patologias, &#8220;fazer muito pouco corresponde a um aumento da mortalidade, do sofrimento das pessoas e dos custos do Servi\u00e7o Nacional de Sa\u00fade&#8221;, pelo que o cancro &#8220;exige, dos decisores de pol\u00edticas p\u00fablicas, uma vis\u00e3o mais competente, organizada e, sobretudo, humanista&#8221;, resume V\u00edtor Neves, presidente da Europacolon Portugal.<\/p>\n<p>As oito signat\u00e1rias<\/p>\n<p>Esta associa\u00e7\u00e3o assina a carta conjuntamente com a AC Rim, Careca Power, Associa\u00e7\u00e3o EVITA-Cancro Heredit\u00e1rio, Liga Portuguesa Contra o Cancro, Plataforma Sa\u00fade em Di\u00e1logo, Pulmonale e Sociedade Portuguesa de Literacia em Sa\u00fade. As organiza\u00e7\u00f5es, que divulgam o documento esta quarta-feira para assinalar o Dia dos Direitos Humanos, querem reuni\u00f5es formais com o Governo e compromissos concretos e calendarizados para alterar esta realidade. O combate deve ser &#8220;um des\u00edgnio nacional&#8221; e n\u00e3o h\u00e1 mais tempo a perder, l\u00ea-se na carta.<\/p>\n<p>Promover rastreios<\/p>\n<p data-remotead-prev-elm=\"true\" data-remotead-elm-id=\"centro1\">No documento, consideram que \u00e9 essencial refor\u00e7ar a literacia em sa\u00fade, reduzir os tempos de espera para exames e tratamentos, refor\u00e7ar equipas m\u00e9dicas e criar uma entidade espec\u00edfica para a oncologia, al\u00e9m de otimizar e alargar a cobertura dos rastreios existentes e estudar a viabilidade de implementa\u00e7\u00e3o de programas organizados adicionais para o pulm\u00e3o, pr\u00f3stata e est\u00f4mago.<\/p>\n<p>Os governantes, sublinha tamb\u00e9m V\u00edtor Neves, &#8220;t\u00eam que ter uma sensibilidade para a promo\u00e7\u00e3o dos rastreios, que \u00e9 o caminho mais barato e mais eficaz para a diminui\u00e7\u00e3o de doen\u00e7as oncol\u00f3gicas&#8221;.<\/p>\n","protected":false},"excerpt":{"rendered":"A tend\u00eancia \u00e9 de aumento e n\u00e3o atuar tem custos sociais e econ\u00f3micos. Mas, contra estas evid\u00eancias, Portugal&hellip;\n","protected":false},"author":2,"featured_media":182719,"comment_status":"","ping_status":"","sticky":false,"template":"","format":"standard","meta":{"footnotes":""},"categories":[10],"tags":[27,28,1207,37310,15,16,301,14,25,26,21,22,1703,619,12,13,19,20,32,23,24,33,17,18,29,30,31],"class_list":{"0":"post-182718","1":"post","2":"type-post","3":"status-publish","4":"format-standard","5":"has-post-thumbnail","7":"category-portugal","8":"tag-breaking-news","9":"tag-breakingnews","10":"tag-cancro","11":"tag-carta-aberta","12":"tag-featured-news","13":"tag-featurednews","14":"tag-governo","15":"tag-headlines","16":"tag-latest-news","17":"tag-latestnews","18":"tag-main-news","19":"tag-mainnews","20":"tag-ministerio-da-saude","21":"tag-nacional","22":"tag-news","23":"tag-noticias","24":"tag-noticias-principais","25":"tag-noticiasprincipais","26":"tag-portugal","27":"tag-principais-noticias","28":"tag-principaisnoticias","29":"tag-pt","30":"tag-top-stories","31":"tag-topstories","32":"tag-ultimas","33":"tag-ultimas-noticias","34":"tag-ultimasnoticias"},"share_on_mastodon":{"url":"https:\/\/pubeurope.com\/@pt\/115695228214065587","error":""},"_links":{"self":[{"href":"https:\/\/www.europesays.com\/pt\/wp-json\/wp\/v2\/posts\/182718","targetHints":{"allow":["GET"]}}],"collection":[{"href":"https:\/\/www.europesays.com\/pt\/wp-json\/wp\/v2\/posts"}],"about":[{"href":"https:\/\/www.europesays.com\/pt\/wp-json\/wp\/v2\/types\/post"}],"author":[{"embeddable":true,"href":"https:\/\/www.europesays.com\/pt\/wp-json\/wp\/v2\/users\/2"}],"replies":[{"embeddable":true,"href":"https:\/\/www.europesays.com\/pt\/wp-json\/wp\/v2\/comments?post=182718"}],"version-history":[{"count":0,"href":"https:\/\/www.europesays.com\/pt\/wp-json\/wp\/v2\/posts\/182718\/revisions"}],"wp:featuredmedia":[{"embeddable":true,"href":"https:\/\/www.europesays.com\/pt\/wp-json\/wp\/v2\/media\/182719"}],"wp:attachment":[{"href":"https:\/\/www.europesays.com\/pt\/wp-json\/wp\/v2\/media?parent=182718"}],"wp:term":[{"taxonomy":"category","embeddable":true,"href":"https:\/\/www.europesays.com\/pt\/wp-json\/wp\/v2\/categories?post=182718"},{"taxonomy":"post_tag","embeddable":true,"href":"https:\/\/www.europesays.com\/pt\/wp-json\/wp\/v2\/tags?post=182718"}],"curies":[{"name":"wp","href":"https:\/\/api.w.org\/{rel}","templated":true}]}}