{"id":182743,"date":"2025-12-10T12:44:11","date_gmt":"2025-12-10T12:44:11","guid":{"rendered":"https:\/\/www.europesays.com\/pt\/182743\/"},"modified":"2025-12-10T12:44:11","modified_gmt":"2025-12-10T12:44:11","slug":"ticiane-pinheiro-da-opiniao-sincera-sobre-saida-da-record-confiante","status":"publish","type":"post","link":"https:\/\/www.europesays.com\/pt\/182743\/","title":{"rendered":"Ticiane Pinheiro d\u00e1 opini\u00e3o sincera sobre sa\u00edda da Record: \u2018Confiante\u2019"},"content":{"rendered":"<p><strong>Ticiane Pinheiro<\/strong>, apresentadora, mandou a real sobre n\u00e3o ter renovado o seu contrato com a Record. Existia uma expectativa da emissora dos Bispos para a loira continuar na emissora. Por\u00e9m, com a mudan\u00e7a do marido dela, o jornalista <strong>C\u00e9sar Tralli<\/strong>, para o Rio de Janeiro, por conta do <strong>Jornal Nacional<\/strong>, a mudan\u00e7a se tornou inevit\u00e1vel.<\/p>\n<p>Em um comunicado para a coluna de Fl\u00e1vio Ricco, do portal LeoDias, a apresentadora mostrou gratid\u00e3o \u00e0 Record, que a possibilitou crescer profissionalmente.<\/p>\n<p>\u201cA minha sa\u00edda da Record aconteceu em comum acordo e com um sentimento enorme de gratid\u00e3o e realiza\u00e7\u00e3o pela profissional que eu me tornei ao longo desses 20 anos. A Record foi uma escola, uma casa e uma fam\u00edlia que me acolheu, me desafiou e me permitiu crescer. Estou vivendo uma fase muito especial e confiante de que os pr\u00f3ximos cap\u00edtulos ser\u00e3o igualmente maravilhosos\u201d, refor\u00e7ou.<\/p>\n<p>Ainda n\u00e3o existem projetos para <strong>Ticiane Pinheiro<\/strong> na Globo. A emissora carioca nunca se manifestou sobre o assunto. Recentemente, a apresentadora participou da vinheta de fim de ano da emissora porque o tema foi fam\u00edlia e ela faz parte da fam\u00edlia do seu marido, <strong>C\u00e9sar Tralli<\/strong>, contratado da emissora.<\/p>\n","protected":false},"excerpt":{"rendered":"Ticiane Pinheiro, apresentadora, mandou a real sobre n\u00e3o ter renovado o seu contrato com a Record. Existia uma&hellip;\n","protected":false},"author":2,"featured_media":182744,"comment_status":"","ping_status":"","sticky":false,"template":"","format":"standard","meta":{"footnotes":""},"categories":[85],"tags":[37313,2299,114,115,37311,15959,32,33,2568,2147,37312,15958],"class_list":{"0":"post-182743","1":"post","2":"type-post","3":"status-publish","4":"format-standard","5":"has-post-thumbnail","7":"category-entretenimento","8":"tag-confiante","9":"tag-d","10":"tag-entertainment","11":"tag-entretenimento","12":"tag-opini","13":"tag-pinheiro","14":"tag-portugal","15":"tag-pt","16":"tag-record","17":"tag-sa","18":"tag-sincera","19":"tag-ticiane"},"share_on_mastodon":{"url":"https:\/\/pubeurope.com\/@pt\/115695338386883054","error":""},"_links":{"self":[{"href":"https:\/\/www.europesays.com\/pt\/wp-json\/wp\/v2\/posts\/182743","targetHints":{"allow":["GET"]}}],"collection":[{"href":"https:\/\/www.europesays.com\/pt\/wp-json\/wp\/v2\/posts"}],"about":[{"href":"https:\/\/www.europesays.com\/pt\/wp-json\/wp\/v2\/types\/post"}],"author":[{"embeddable":true,"href":"https:\/\/www.europesays.com\/pt\/wp-json\/wp\/v2\/users\/2"}],"replies":[{"embeddable":true,"href":"https:\/\/www.europesays.com\/pt\/wp-json\/wp\/v2\/comments?post=182743"}],"version-history":[{"count":0,"href":"https:\/\/www.europesays.com\/pt\/wp-json\/wp\/v2\/posts\/182743\/revisions"}],"wp:featuredmedia":[{"embeddable":true,"href":"https:\/\/www.europesays.com\/pt\/wp-json\/wp\/v2\/media\/182744"}],"wp:attachment":[{"href":"https:\/\/www.europesays.com\/pt\/wp-json\/wp\/v2\/media?parent=182743"}],"wp:term":[{"taxonomy":"category","embeddable":true,"href":"https:\/\/www.europesays.com\/pt\/wp-json\/wp\/v2\/categories?post=182743"},{"taxonomy":"post_tag","embeddable":true,"href":"https:\/\/www.europesays.com\/pt\/wp-json\/wp\/v2\/tags?post=182743"}],"curies":[{"name":"wp","href":"https:\/\/api.w.org\/{rel}","templated":true}]}}