{"id":182751,"date":"2025-12-10T12:57:09","date_gmt":"2025-12-10T12:57:09","guid":{"rendered":"https:\/\/www.europesays.com\/pt\/182751\/"},"modified":"2025-12-10T12:57:09","modified_gmt":"2025-12-10T12:57:09","slug":"wolverine-retorna-com-um-novo-parceiro-e-e-melhor-que-o-deadpool","status":"publish","type":"post","link":"https:\/\/www.europesays.com\/pt\/182751\/","title":{"rendered":"Wolverine retorna com um novo parceiro \u2013 e \u00e9 melhor que o Deadpool"},"content":{"rendered":"<p><a href=\"https:\/\/legadodamarvel.com.br\/filme\/vingadores-doomsday\" rel=\"nofollow noopener\" target=\"_blank\">Vingadores 5: Doomsday<\/a> ser\u00e1 o filme com o maior n\u00famero de personagens na hist\u00f3ria da Marvel Studios, e, para a alegria dos f\u00e3s, o <strong>Wolverine <\/strong>ser\u00e1 um deles.<\/p>\n<p>Sim, a pr\u00f3pria <a href=\"https:\/\/www.ingresso.com\/noticias\/deadpool-e-wolverine-confirmados-filmes-vingadores-doomsday-guerras-secretas\" rel=\"nofollow noopener\" target=\"_blank\">Forbes<\/a> confirmou que o <a href=\"https:\/\/legadodamarvel.com.br\/personalidade\/hugh-jackman\" rel=\"nofollow noopener\" target=\"_blank\">Hugh Jackman<\/a> voltar\u00e1 para reprisar o papel do her\u00f3i. Al\u00e9m disso, tamb\u00e9m foi confirmado o retorno do <a href=\"https:\/\/legadodamarvel.com.br\/personalidade\/ryan-reynolds\/\" rel=\"nofollow noopener\" target=\"_blank\">Ryan Reynolds<\/a> como Deadpool.<\/p>\n<p>O retorno da dupla n\u00e3o surpreende, afinal, <a href=\"https:\/\/legadodamarvel.com.br\/filme\/deadpool-e-wolverine\/\" rel=\"nofollow noopener\" target=\"_blank\">Deadpool &amp; Wolverine<\/a> se tornou um dos maiores sucessos da hist\u00f3ria dos filmes de her\u00f3i. Ou seja, a Marvel ainda pretende explorar bastante esta dupla.<\/p>\n<p>Em Vingadores 5 o Wolverine far\u00e1 nova parceria cl\u00e1ssica!<\/p>\n<p>No entanto, os dois personagens n\u00e3o ser\u00e3o as \u00fanicas novidades no pr\u00f3ximo filme dos Vingadores. Recentemente, a Marvel teve um outro sucesso explorando o multiverso, e agora tamb\u00e9m ganhar\u00e1 mais destaque.<\/p>\n<p>Estamos falando do Homem-Aranha do <a href=\"https:\/\/legadodamarvel.com.br\/tag\/tobey-maguire\" rel=\"nofollow noopener\" target=\"_blank\">Tobey Maguire<\/a>. O her\u00f3i retornou em 2021 no filme <a href=\"https:\/\/legadodamarvel.com.br\/tag\/homem-aranha-sem-volta-para-casa\/\" rel=\"nofollow noopener\" target=\"_blank\">Homem-Aranha: Sem Volta Para Casa<\/a>. E, de acordo com o jornalista <a href=\"https:\/\/x.com\/DanielRPK\" rel=\"nofollow\">Daniel Richtman<\/a>, ir\u00e1 agora brilhar mais uma vez em Vingadores 5.<\/p>\n<p>Desta vez, por\u00e9m, ele deve brilhar juto com outro her\u00f3i. Sim, o pr\u00f3prio Wolverine. Todo mundo que cresceu com os filmes de her\u00f3i nos anos 2000 j\u00e1 imaginou e sonhou com este encontro. E \u00e9 claro que, com os dois her\u00f3is no mesmo filme, a Marvel n\u00e3o perder\u00e1 essa oportunidade.<\/p>\n<p>Dificilmente os dois her\u00f3is ir\u00e3o compartilhar muito tempo de tela. Mas, independente de como Vingadores 5 for unir o Wolverine e o Homem-Aranha, \u00e9 certo que os f\u00e3s ir\u00e3o surtar neste momento.<\/p>\n<p>Vale lembrar que, apesar do filme s\u00f3 estrear em dezembro de 2026, a Marvel j\u00e1 est\u00e1 prestes a revelar o primeiro trailer do filme. O lan\u00e7amento acontecer\u00e1 nos pr\u00f3ximos dias.<\/p>\n<p><strong>LEIA TAMB\u00c9M:<\/strong><\/p>\n<p>O que acharam? Deixe sua opini\u00e3o nos coment\u00e1rios e, por fim, continue acompanhando o\u00a0<strong>Legado da Marvel\u00a0<\/strong>para n\u00e3o perder nenhuma novidade!<\/p>\n","protected":false},"excerpt":{"rendered":"Vingadores 5: Doomsday ser\u00e1 o filme com o maior n\u00famero de personagens na hist\u00f3ria da Marvel Studios, e,&hellip;\n","protected":false},"author":2,"featured_media":182752,"comment_status":"","ping_status":"","sticky":false,"template":"","format":"standard","meta":{"footnotes":""},"categories":[140],"tags":[114,115,147,148,146,32,33,14176,8106],"class_list":{"0":"post-182751","1":"post","2":"type-post","3":"status-publish","4":"format-standard","5":"has-post-thumbnail","7":"category-filmes","8":"tag-entertainment","9":"tag-entretenimento","10":"tag-film","11":"tag-filmes","12":"tag-movies","13":"tag-portugal","14":"tag-pt","15":"tag-vingadores-doomsday","16":"tag-wolverine"},"share_on_mastodon":{"url":"https:\/\/pubeurope.com\/@pt\/115695389580116589","error":""},"_links":{"self":[{"href":"https:\/\/www.europesays.com\/pt\/wp-json\/wp\/v2\/posts\/182751","targetHints":{"allow":["GET"]}}],"collection":[{"href":"https:\/\/www.europesays.com\/pt\/wp-json\/wp\/v2\/posts"}],"about":[{"href":"https:\/\/www.europesays.com\/pt\/wp-json\/wp\/v2\/types\/post"}],"author":[{"embeddable":true,"href":"https:\/\/www.europesays.com\/pt\/wp-json\/wp\/v2\/users\/2"}],"replies":[{"embeddable":true,"href":"https:\/\/www.europesays.com\/pt\/wp-json\/wp\/v2\/comments?post=182751"}],"version-history":[{"count":0,"href":"https:\/\/www.europesays.com\/pt\/wp-json\/wp\/v2\/posts\/182751\/revisions"}],"wp:featuredmedia":[{"embeddable":true,"href":"https:\/\/www.europesays.com\/pt\/wp-json\/wp\/v2\/media\/182752"}],"wp:attachment":[{"href":"https:\/\/www.europesays.com\/pt\/wp-json\/wp\/v2\/media?parent=182751"}],"wp:term":[{"taxonomy":"category","embeddable":true,"href":"https:\/\/www.europesays.com\/pt\/wp-json\/wp\/v2\/categories?post=182751"},{"taxonomy":"post_tag","embeddable":true,"href":"https:\/\/www.europesays.com\/pt\/wp-json\/wp\/v2\/tags?post=182751"}],"curies":[{"name":"wp","href":"https:\/\/api.w.org\/{rel}","templated":true}]}}