{"id":182812,"date":"2025-12-10T13:53:23","date_gmt":"2025-12-10T13:53:23","guid":{"rendered":"https:\/\/www.europesays.com\/pt\/182812\/"},"modified":"2025-12-10T13:53:23","modified_gmt":"2025-12-10T13:53:23","slug":"atencao-varios-locais-voltam-a-ficar-sem-luz-no-domingo-veja-a-lista","status":"publish","type":"post","link":"https:\/\/www.europesays.com\/pt\/182812\/","title":{"rendered":"Aten\u00e7\u00e3o! V\u00e1rios locais voltam a ficar sem luz no domingo. Veja a lista"},"content":{"rendered":"<p>\u00c0 semelhan\u00e7a do que tem acontecido em domingos anteriores, a E-Redes tem trabalhos programados de manuten\u00e7\u00e3o na rede de distribui\u00e7\u00e3o para domingo, dia 14 de dezembro, e por isso h\u00e1 v\u00e1rias localidades que v\u00e3o ficar temporariamente sem eletricidade.\u00a0<\/p>\n<p>De acordo com a informa\u00e7\u00e3o disponibilizada no site da <a href=\"https:\/\/www.e-redes.pt\/pt-pt\/o-que-fazemos\/qualidade-de-servico\/consulte-interrupcoes-agendadas\" target=\"_blank\" rel=\"noopener nofollow\">E-Redes<\/a>, h\u00e1 os seguintes trabalhos programados:\u00a0<\/p>\n<ul>&#13;<\/p>\n<li>Faro: Freguesia Albufeira E Olhos De \u00c1gua<br \/>08:00 \u00e0s 11:00<br \/>Cais Do Novo Mundo, Rua Da Vela Latina, S\u00edtio V\u00e1rzeas Da Orada, S\u00edtio Orada, Urbaniza\u00e7\u00e3o Quinta Da Orada, Urbaniza\u00e7\u00e3o Vale Orada<\/li>\n<p>&#13;<\/p>\n<li>Faro: Freguesia de Montenegro<br \/>08:00 \u00e0s 11:00<br \/>Rua Agostinho Da Silva<\/li>\n<p>&#13;<\/p>\n<li>Lisboa: Freguesia de Avenidas Novas<br \/>05:00 \u00e0s 11:00<br \/>Avenida Jo\u00e3o Cris\u00f3stomo, Avenida Marqu\u00eas De Tomar, Avenida Miguel Bombarda, Avenida Visconde De Valmor<\/li>\n<p>&#13;<\/p>\n<li>Lisboa: Freguesia de Carnide<br \/>05:00 \u00e0s 11:00<br \/>Rua Rio Lena, Rua Rio Sado, Rua Rio Tejo<\/li>\n<p>&#13;<\/p>\n<li>Lisboa: Freguesia da Miseric\u00f3rdia<br \/>05:00 \u00e0s 11:00<br \/>Rua Das Flores, Rua Do Alecrim<\/li>\n<p>&#13;<\/p>\n<li>Lisboa\/Sintra: Freguesia da Uni\u00e3o Das Freguesias De Almargem Do Bispo, P\u00earo Pinheiro E Montelavar<br \/>06:00 \u00e0s 11:00<br \/>Avenida Da Liberdade &#8211; Pero Pinheiro, Avenida De Lapi\u00e1s &#8211; Pero Pinheiro, Estrada Da Serra, Estrada Maceira, Estrada Serra Maceira Jt Fab, Rua 5 De Outubro, Rua Do Alto Do Pina, Rua Do Casal Dos Ossos, Rua Do Moinho, Rua Rosa Diamantino Gon\u00e7alves Caro\u00e7o, Rua Valentim In\u00e1cio P\u00e9leve, Travessa Peleve<\/li>\n<p>&#13;\n                                                    <\/ul>\n<p>De acordo com a E-Redes, &#8220;durante estas interven\u00e7\u00f5es, s\u00e3o efetuadas manobras, liga\u00e7\u00f5es, repara\u00e7\u00f5es ou trabalhos de conserva\u00e7\u00e3o das infraestruturas, sempre de forma planeada e controlada&#8221;.\u00a0<\/p>\n<p>&#8220;As interrup\u00e7\u00f5es tempor\u00e1rias e de curta dura\u00e7\u00e3o ocorrem quando todas as alternativas de alimenta\u00e7\u00e3o dispon\u00edveis est\u00e3o esgotadas, de forma a garantir que o impacto para os Clientes \u00e9 o mais reduzido poss\u00edvel&#8221;, pode ler-se no site da E-Redes.<\/p>\n<p>A empresa sublinha ainda que, &#8220;por motivos de seguran\u00e7a, e caso ocorra o restabelecimento antecipado da alimenta\u00e7\u00e3o el\u00e9trica ou necessidade de ensaios t\u00e9cnicos, recomenda-se que todas as instala\u00e7\u00f5es sejam consideradas permanentemente em tens\u00e3o&#8221;.<\/p>\n<p>&#8220;Os trabalhos programados de manuten\u00e7\u00e3o na rede de distribui\u00e7\u00e3o s\u00e3o feitos ao abrigo do artigo 72.\u00ba e 75.\u00ba do Regulamento de Rela\u00e7\u00f5es Comerciais do Setor El\u00e9trico e G\u00e1s&#8221;, acrescenta.<\/p>\n<p>Na mesma nota divulgada, a E-Redes diz ainda que &#8220;como resultado deste empenho, e conforme relatado pelo CEER (Conselho dos Reguladores Europeus de Energia), a E-Redes \u00e9 considerada uma refer\u00eancia europeia no que diz respeito \u00e0 execu\u00e7\u00e3o de interven\u00e7\u00f5es programadas com impacto m\u00ednimo no fornecimento&#8221;.<\/p>\n<p>                                                    &#8220;Cortes&#8221; de eletricidade no domingo em sete concelhos s\u00e3o situa\u00e7\u00f5es &#8220;regulares&#8221;<\/p>\n<p>A E-Redes esclareceu j\u00e1 que os &#8220;cortes programados&#8221; de eletricidade, devido a trabalhos na rede de distribui\u00e7\u00e3o, s\u00e3o situa\u00e7\u00f5es &#8220;regulares&#8221; de manuten\u00e7\u00e3o.<\/p>\n<p>&#8220;N\u00e3o \u00e9 nada fora do contexto de normalidade&#8221;, disse \u00e0 Lusa fonte da operadora E-Redes, acrescentando que &#8220;todos os domingos acontecem este tipo de trabalhos&#8221;.<\/p>\n<p>Ainda segundo a mesma fonte, os locais onde ocorrem &#8220;os cortes programados&#8221; devido a &#8220;trabalhos de manuten\u00e7\u00e3o&#8221; s\u00e3o sempre comunicados previamente no site da empresa.<\/p>\n<p>Ainda segundo a operadora, &#8220;estas interrup\u00e7\u00f5es servem, igualmente, para corrigir situa\u00e7\u00f5es que podem gerar inseguran\u00e7a da rede el\u00e9trica e\/ou preven\u00e7\u00e3o de avarias&#8221;.<\/p>\n<p>Leia Tamb\u00e9m: <a href=\"https:\/\/www.noticiasaominuto.com\/economia\/2896437\/atencao-ha-seis-interrupcoes-programadas-hoje-saiba-onde-faltara-a-luz\" target=\"_blank\" rel=\"noopener noreferrer nofollow\">Aten\u00e7\u00e3o, h\u00e1 seis interrup\u00e7\u00f5es programadas hoje: Saiba onde faltar\u00e1 a luz<\/a><\/p>\n","protected":false},"excerpt":{"rendered":"\u00c0 semelhan\u00e7a do que tem acontecido em domingos anteriores, a E-Redes tem trabalhos programados de manuten\u00e7\u00e3o na rede&hellip;\n","protected":false},"author":2,"featured_media":182813,"comment_status":"","ping_status":"","sticky":false,"template":"","format":"standard","meta":{"footnotes":""},"categories":[10],"tags":[27,28,15,16,14,25,26,21,22,12,13,19,20,32,23,24,33,17,18,29,30,31],"class_list":{"0":"post-182812","1":"post","2":"type-post","3":"status-publish","4":"format-standard","5":"has-post-thumbnail","7":"category-portugal","8":"tag-breaking-news","9":"tag-breakingnews","10":"tag-featured-news","11":"tag-featurednews","12":"tag-headlines","13":"tag-latest-news","14":"tag-latestnews","15":"tag-main-news","16":"tag-mainnews","17":"tag-news","18":"tag-noticias","19":"tag-noticias-principais","20":"tag-noticiasprincipais","21":"tag-portugal","22":"tag-principais-noticias","23":"tag-principaisnoticias","24":"tag-pt","25":"tag-top-stories","26":"tag-topstories","27":"tag-ultimas","28":"tag-ultimas-noticias","29":"tag-ultimasnoticias"},"share_on_mastodon":{"url":"https:\/\/pubeurope.com\/@pt\/115695609643056208","error":""},"_links":{"self":[{"href":"https:\/\/www.europesays.com\/pt\/wp-json\/wp\/v2\/posts\/182812","targetHints":{"allow":["GET"]}}],"collection":[{"href":"https:\/\/www.europesays.com\/pt\/wp-json\/wp\/v2\/posts"}],"about":[{"href":"https:\/\/www.europesays.com\/pt\/wp-json\/wp\/v2\/types\/post"}],"author":[{"embeddable":true,"href":"https:\/\/www.europesays.com\/pt\/wp-json\/wp\/v2\/users\/2"}],"replies":[{"embeddable":true,"href":"https:\/\/www.europesays.com\/pt\/wp-json\/wp\/v2\/comments?post=182812"}],"version-history":[{"count":0,"href":"https:\/\/www.europesays.com\/pt\/wp-json\/wp\/v2\/posts\/182812\/revisions"}],"wp:featuredmedia":[{"embeddable":true,"href":"https:\/\/www.europesays.com\/pt\/wp-json\/wp\/v2\/media\/182813"}],"wp:attachment":[{"href":"https:\/\/www.europesays.com\/pt\/wp-json\/wp\/v2\/media?parent=182812"}],"wp:term":[{"taxonomy":"category","embeddable":true,"href":"https:\/\/www.europesays.com\/pt\/wp-json\/wp\/v2\/categories?post=182812"},{"taxonomy":"post_tag","embeddable":true,"href":"https:\/\/www.europesays.com\/pt\/wp-json\/wp\/v2\/tags?post=182812"}],"curies":[{"name":"wp","href":"https:\/\/api.w.org\/{rel}","templated":true}]}}