{"id":182826,"date":"2025-12-10T14:07:08","date_gmt":"2025-12-10T14:07:08","guid":{"rendered":"https:\/\/www.europesays.com\/pt\/182826\/"},"modified":"2025-12-10T14:07:08","modified_gmt":"2025-12-10T14:07:08","slug":"inem-vai-deixar-de-ter-ambulancias","status":"publish","type":"post","link":"https:\/\/www.europesays.com\/pt\/182826\/","title":{"rendered":"INEM vai deixar de ter ambul\u00e2ncias"},"content":{"rendered":"<p data-remotead-prev-elm=\"true\" data-remotead-elm-id=\"inread\">A mudan\u00e7a \u00e9 uma das propostas do Governo para a reestrutua\u00e7\u00e3o do INEM que pode avan\u00e7ar no in\u00edcio de 2026, avan\u00e7a esta quarta-feira o &#8220;Expresso&#8221;.<\/p>\n<p>A rede de socorro pr\u00e9-hospitalar pode passar a ser assegurada pelos cuidados de suporte b\u00e1sico de vida, incluindo o programa de desfibrilha\u00e7\u00e3o autom\u00e1tica externa, com contratos a entidades p\u00fablicas, privadas ou sociais, noticia o seman\u00e1rio citando o relat\u00f3rio da Comiss\u00e3o T\u00e9cnica Independente para estudar as altera\u00e7\u00f5es no INEM. Ou seja, a inten\u00e7\u00e3o do Governo \u00e9 que as ambul\u00e2ncias sejam entregues aos bombeiros e privados para que fa\u00e7am a primeira avalia\u00e7\u00e3o e estabiliza\u00e7\u00e3o dos doentes. E s\u00f3 em caso de ser necess\u00e1rio ativar os suporte imediato (SIV) e avan\u00e7ado de vida (SAV) ser\u00e3o acionadas os t\u00e9cnicos de emerg\u00eancia pr\u00e9-hospitalar e enfermeiros, que v\u00e3o estar sediadas nas urg\u00eancias de centros de sa\u00fade e de hospitais m\u00e9dico-cir\u00fargicos, de m\u00e9dia dimens\u00e3o.<\/p>\n<p>O atendimento das chamadas de socorro tamb\u00e9m pode mudar, refere o Expresso. As duas centrais 112, geridas pela PSP, devem estar fisicamente pr\u00f3ximas dos Centros de Orienta\u00e7\u00e3o de Doentes Urgentes, tal como a Linha SNS24. A ideia n\u00e3o \u00e9 a fus\u00e3o das duas linhas, mas a partilha dos mecanismos de triagem.<\/p>\n","protected":false},"excerpt":{"rendered":"A mudan\u00e7a \u00e9 uma das propostas do Governo para a reestrutua\u00e7\u00e3o do INEM que pode avan\u00e7ar no in\u00edcio&hellip;\n","protected":false},"author":2,"featured_media":182827,"comment_status":"","ping_status":"","sticky":false,"template":"","format":"standard","meta":{"footnotes":""},"categories":[10],"tags":[27,28,37326,15,16,14,25,26,21,22,619,12,13,19,20,32,23,24,33,17,18,29,30,31],"class_list":{"0":"post-182826","1":"post","2":"type-post","3":"status-publish","4":"format-standard","5":"has-post-thumbnail","7":"category-portugal","8":"tag-breaking-news","9":"tag-breakingnews","10":"tag-emergencia-pre-hospitalar","11":"tag-featured-news","12":"tag-featurednews","13":"tag-headlines","14":"tag-latest-news","15":"tag-latestnews","16":"tag-main-news","17":"tag-mainnews","18":"tag-nacional","19":"tag-news","20":"tag-noticias","21":"tag-noticias-principais","22":"tag-noticiasprincipais","23":"tag-portugal","24":"tag-principais-noticias","25":"tag-principaisnoticias","26":"tag-pt","27":"tag-top-stories","28":"tag-topstories","29":"tag-ultimas","30":"tag-ultimas-noticias","31":"tag-ultimasnoticias"},"share_on_mastodon":{"url":"https:\/\/pubeurope.com\/@pt\/115695664733042479","error":""},"_links":{"self":[{"href":"https:\/\/www.europesays.com\/pt\/wp-json\/wp\/v2\/posts\/182826","targetHints":{"allow":["GET"]}}],"collection":[{"href":"https:\/\/www.europesays.com\/pt\/wp-json\/wp\/v2\/posts"}],"about":[{"href":"https:\/\/www.europesays.com\/pt\/wp-json\/wp\/v2\/types\/post"}],"author":[{"embeddable":true,"href":"https:\/\/www.europesays.com\/pt\/wp-json\/wp\/v2\/users\/2"}],"replies":[{"embeddable":true,"href":"https:\/\/www.europesays.com\/pt\/wp-json\/wp\/v2\/comments?post=182826"}],"version-history":[{"count":0,"href":"https:\/\/www.europesays.com\/pt\/wp-json\/wp\/v2\/posts\/182826\/revisions"}],"wp:featuredmedia":[{"embeddable":true,"href":"https:\/\/www.europesays.com\/pt\/wp-json\/wp\/v2\/media\/182827"}],"wp:attachment":[{"href":"https:\/\/www.europesays.com\/pt\/wp-json\/wp\/v2\/media?parent=182826"}],"wp:term":[{"taxonomy":"category","embeddable":true,"href":"https:\/\/www.europesays.com\/pt\/wp-json\/wp\/v2\/categories?post=182826"},{"taxonomy":"post_tag","embeddable":true,"href":"https:\/\/www.europesays.com\/pt\/wp-json\/wp\/v2\/tags?post=182826"}],"curies":[{"name":"wp","href":"https:\/\/api.w.org\/{rel}","templated":true}]}}