{"id":182835,"date":"2025-12-10T14:16:09","date_gmt":"2025-12-10T14:16:09","guid":{"rendered":"https:\/\/www.europesays.com\/pt\/182835\/"},"modified":"2025-12-10T14:16:09","modified_gmt":"2025-12-10T14:16:09","slug":"nao-ha-estudos-a-provar-que-o-modelo-usl-e-superior","status":"publish","type":"post","link":"https:\/\/www.europesays.com\/pt\/182835\/","title":{"rendered":"N\u00e3o h\u00e1 estudos a provar que o modelo USL \u00e9 superior"},"content":{"rendered":"<p>O diretor executivo do SNS afirmou esta quarta-feira desconhecer qualquer estudo que demonstre que a solu\u00e7\u00e3o das unidades locais de sa\u00fade (ULS) seja superior ao modelo de funcionamento que existia antes de 2024.<\/p>\n<p>\u201cDo meu conhecimento, de todos esses estudos n\u00e3o h\u00e1 nenhum que demonstre que o modelo ULS seja superior ao modelo que t\u00ednhamos antes. N\u00e3o conhe\u00e7o nenhum estudo que justificasse que, de um momento para o outro, se adotasse este modelo de ULS em todo o pa\u00eds\u201d, referiu \u00c1lvaro Almeida na comiss\u00e3o parlamentar de Sa\u00fade.<\/p>\n<p>No in\u00edcio de 2024, no \u00e2mbito de um novo modelo de organiza\u00e7\u00e3o do Servi\u00e7o Nacional de Sa\u00fade (SNS), foram criadas 31 ULS, que se juntaram \u00e0s oito j\u00e1 existentes, passando os cuidados prim\u00e1rios (centros de sa\u00fade) e os cuidados hospitalares a estarem integrados numa \u00fanica entidade por \u00e1rea geogr\u00e1fica, com o objetivo de facilitar o percurso dos utentes no sistema.<\/p>\n<p>Ouvido esta quarta-feira pelos deputados sobre o funcionamento da Linha SNS 24, \u00c1lvaro Almeida salientou ser um \u201cestudioso destas quest\u00f5es\u201d da organiza\u00e7\u00e3o do sistema de sa\u00fade h\u00e1 muitos anos, ainda antes de ser diretor executivo do SNS.<\/p>\n<p>\u201cEu pr\u00f3prio fiz, em ambiente acad\u00e9mico, v\u00e1rios estudos e orientei outros estudos sobre ULS\u201d, referiu o respons\u00e1vel pela entidade que gere a rede de unidades do SNS, para quem Portugal tem, ao n\u00edvel da sa\u00fade, \u201cregi\u00f5es muito diferentes, com necessidades diferentes e com respostas diferentes\u201d.<\/p>\n<p>\u201cAplicar o mesmo modelo a todas \u00e9 uma f\u00f3rmula de insucesso\u201d, real\u00e7ou \u00c1lvaro Almeida, para quem n\u00e3o se pode aplicar as mesmas solu\u00e7\u00f5es em todas as regi\u00f5es, \u201cprecisamente porque as necessidades s\u00e3o diferentes, as realidades s\u00e3o diferentes\u201d, o que obriga a ter \u201csolu\u00e7\u00f5es adapt\u00e1veis a cada caso\u201d.<\/p>\n","protected":false},"excerpt":{"rendered":"O diretor executivo do SNS afirmou esta quarta-feira desconhecer qualquer estudo que demonstre que a solu\u00e7\u00e3o das unidades&hellip;\n","protected":false},"author":2,"featured_media":182836,"comment_status":"","ping_status":"","sticky":false,"template":"","format":"standard","meta":{"footnotes":""},"categories":[87],"tags":[135,32,33,134],"class_list":{"0":"post-182835","1":"post","2":"type-post","3":"status-publish","4":"format-standard","5":"has-post-thumbnail","7":"category-desporto","8":"tag-desporto","9":"tag-portugal","10":"tag-pt","11":"tag-sports"},"share_on_mastodon":{"url":"https:\/\/pubeurope.com\/@pt\/115695700218692306","error":""},"_links":{"self":[{"href":"https:\/\/www.europesays.com\/pt\/wp-json\/wp\/v2\/posts\/182835","targetHints":{"allow":["GET"]}}],"collection":[{"href":"https:\/\/www.europesays.com\/pt\/wp-json\/wp\/v2\/posts"}],"about":[{"href":"https:\/\/www.europesays.com\/pt\/wp-json\/wp\/v2\/types\/post"}],"author":[{"embeddable":true,"href":"https:\/\/www.europesays.com\/pt\/wp-json\/wp\/v2\/users\/2"}],"replies":[{"embeddable":true,"href":"https:\/\/www.europesays.com\/pt\/wp-json\/wp\/v2\/comments?post=182835"}],"version-history":[{"count":0,"href":"https:\/\/www.europesays.com\/pt\/wp-json\/wp\/v2\/posts\/182835\/revisions"}],"wp:featuredmedia":[{"embeddable":true,"href":"https:\/\/www.europesays.com\/pt\/wp-json\/wp\/v2\/media\/182836"}],"wp:attachment":[{"href":"https:\/\/www.europesays.com\/pt\/wp-json\/wp\/v2\/media?parent=182835"}],"wp:term":[{"taxonomy":"category","embeddable":true,"href":"https:\/\/www.europesays.com\/pt\/wp-json\/wp\/v2\/categories?post=182835"},{"taxonomy":"post_tag","embeddable":true,"href":"https:\/\/www.europesays.com\/pt\/wp-json\/wp\/v2\/tags?post=182835"}],"curies":[{"name":"wp","href":"https:\/\/api.w.org\/{rel}","templated":true}]}}