{"id":182851,"date":"2025-12-10T14:30:13","date_gmt":"2025-12-10T14:30:13","guid":{"rendered":"https:\/\/www.europesays.com\/pt\/182851\/"},"modified":"2025-12-10T14:30:13","modified_gmt":"2025-12-10T14:30:13","slug":"bale-esclarece-relacao-com-ronaldo-e-recorda-real-madrid-fui-ingenuo","status":"publish","type":"post","link":"https:\/\/www.europesays.com\/pt\/182851\/","title":{"rendered":"Bale esclarece rela\u00e7\u00e3o com Ronaldo e recorda Real Madrid: \u00abFui ing\u00e9nuo\u00bb"},"content":{"rendered":"<p>Gareth Bale terminou a carreira aos 33 anos, em 2023. O <a class=\"autolink-enabled\" data-resource-id=\"30\" data-resource-type=\"competition\" data-sport=\"football\" href=\"https:\/\/www.abola.pt\/futebol\/competicao\/mundial-30\" rel=\"nofollow noopener\" target=\"_blank\">Mundial<\/a> do Qatar foi a \u00faltima competi\u00e7\u00e3o em que participou. Em entrevista \u00e0 GQ Magazine, o gal\u00eas recordou a passagem pelo <a class=\"autolink-enabled\" data-resource-id=\"204\" data-resource-type=\"team\" data-sport=\"football\" href=\"https:\/\/www.abola.pt\/futebol\/real-madrid-204\" rel=\"nofollow noopener\" target=\"_blank\">Real Madrid<\/a> e deixou uma garantia sobre a rela\u00e7\u00e3o com <a class=\"autolink-enabled\" data-resource-id=\"3400\" data-resource-type=\"player\" data-sport=\"football\" href=\"https:\/\/www.abola.pt\/futebol\/jogador\/cristiano-ronaldo-3400\" rel=\"nofollow noopener\" target=\"_blank\">Cristiano Ronaldo<\/a>.\u00a0<\/p>\n<p>\u00abObviamente que muitos jogadores v\u00e3o para o <a target=\"_blank\" class=\"editor-link autolink-enabled\" href=\"https:\/\/www.abola.pt\/futebol\/real-madrid-204\" data-resource-id=\"204\" data-resource-type=\"team\" data-sport=\"football\" rel=\"nofollow noopener\">Real Madrid<\/a> para serem gal\u00e1ticos, mas eu fui para jogar futebol. O que ganhei como jogador gal\u00eas no estrangeiro foi realmente incr\u00edvel. Ganhava sempre momentos importantes. Por outro lado&#8230; fui um pouco ing\u00e9nuo, essa \u00e9 provavelmente a palavra correta, ir para o Real Madrid e n\u00e3o saber o duro que era [ser um gal\u00e1tico]\u00bb, confessou.\u00a0<\/p>\n<p>\u00abH\u00e1 coisas que desejaria que tivessem sido diferentes. Depois do Mundial, senti que n\u00e3o restava mais nada por alcan\u00e7ar. Bola de Ouro? \u00c9 uma quest\u00e3o de imagem, sem d\u00favida que os media t\u00eam os seus favoritos, n\u00e3o se trata apenas de futebol. Oxal\u00e1 fosse, mas n\u00e3o \u00e9. Acho que ningu\u00e9m o vai negar\u00bb, prosseguiu, assumindo \u00abn\u00e3o ter rela\u00e7\u00e3o\u00bb com muitos dos jogadores com quem dividiu balne\u00e1rio. Contudo, esclareceu a rela\u00e7\u00e3o com <a class=\"autolink-enabled\" data-resource-id=\"3400\" data-resource-type=\"player\" data-sport=\"football\" href=\"https:\/\/www.abola.pt\/futebol\/jogador\/cristiano-ronaldo-3400\" rel=\"nofollow noopener\" target=\"_blank\">Cristiano Ronaldo<\/a>.\u00a0<\/p>\n<p>\u00abNunca tivemos qualquer problema, nunca discutimos, nunca tivemos qualquer diverg\u00eancia. Nunca aconteceu nada\u00bb, explicou, acrescentando que foi criada uma imagem sobre si.\u00a0<\/p>\n<p>\u00abNunca joguei oito horas de golfe, sempre fui profissional, mas as pessoas acreditam naquilo que acabam por ler. Criaram uma imagem que n\u00e3o \u00e9 a minha. Acho que os media espanh\u00f3is n\u00e3o sabem quem sou. Pensava: o futebol e a minha vida s\u00e3o coisas diferentes. Nunca mudaria isso\u00bb, completou.\u00a0<\/p>\n<p>No <a class=\"autolink-enabled\" data-resource-id=\"204\" data-resource-type=\"team\" data-sport=\"football\" href=\"https:\/\/www.abola.pt\/futebol\/real-madrid-204\" rel=\"nofollow noopener\" target=\"_blank\">Real Madrid<\/a>, Gareth Bale conquistou cinco edi\u00e7\u00f5es da <a class=\"autolink-enabled\" data-resource-id=\"27\" data-resource-type=\"competition\" data-sport=\"football\" href=\"https:\/\/www.abola.pt\/futebol\/competicao\/uefa-champions-league-27\" rel=\"nofollow noopener\" target=\"_blank\">UEFA Champions League<\/a>, tr\u00eas t\u00edtulos de campe\u00e3o espanhol, tr\u00eas Superta\u00e7as Europeias, tr\u00eas Mundiais de Clubes, uma <a class=\"autolink-enabled\" data-resource-id=\"80\" data-resource-type=\"competition\" data-sport=\"football\" href=\"https:\/\/www.abola.pt\/futebol\/competicao\/taca-do-rei-80\" rel=\"nofollow noopener\" target=\"_blank\">Ta\u00e7a do Rei<\/a> e uma Superta\u00e7a de Espanha.\u00a0<\/p>\n","protected":false},"excerpt":{"rendered":"Gareth Bale terminou a carreira aos 33 anos, em 2023. O Mundial do Qatar foi a \u00faltima competi\u00e7\u00e3o&hellip;\n","protected":false},"author":2,"featured_media":182852,"comment_status":"","ping_status":"","sticky":false,"template":"","format":"standard","meta":{"footnotes":""},"categories":[87],"tags":[135,32,33,134],"class_list":{"0":"post-182851","1":"post","2":"type-post","3":"status-publish","4":"format-standard","5":"has-post-thumbnail","7":"category-desporto","8":"tag-desporto","9":"tag-portugal","10":"tag-pt","11":"tag-sports"},"share_on_mastodon":{"url":"https:\/\/pubeurope.com\/@pt\/115695755259367182","error":""},"_links":{"self":[{"href":"https:\/\/www.europesays.com\/pt\/wp-json\/wp\/v2\/posts\/182851","targetHints":{"allow":["GET"]}}],"collection":[{"href":"https:\/\/www.europesays.com\/pt\/wp-json\/wp\/v2\/posts"}],"about":[{"href":"https:\/\/www.europesays.com\/pt\/wp-json\/wp\/v2\/types\/post"}],"author":[{"embeddable":true,"href":"https:\/\/www.europesays.com\/pt\/wp-json\/wp\/v2\/users\/2"}],"replies":[{"embeddable":true,"href":"https:\/\/www.europesays.com\/pt\/wp-json\/wp\/v2\/comments?post=182851"}],"version-history":[{"count":0,"href":"https:\/\/www.europesays.com\/pt\/wp-json\/wp\/v2\/posts\/182851\/revisions"}],"wp:featuredmedia":[{"embeddable":true,"href":"https:\/\/www.europesays.com\/pt\/wp-json\/wp\/v2\/media\/182852"}],"wp:attachment":[{"href":"https:\/\/www.europesays.com\/pt\/wp-json\/wp\/v2\/media?parent=182851"}],"wp:term":[{"taxonomy":"category","embeddable":true,"href":"https:\/\/www.europesays.com\/pt\/wp-json\/wp\/v2\/categories?post=182851"},{"taxonomy":"post_tag","embeddable":true,"href":"https:\/\/www.europesays.com\/pt\/wp-json\/wp\/v2\/tags?post=182851"}],"curies":[{"name":"wp","href":"https:\/\/api.w.org\/{rel}","templated":true}]}}