{"id":182853,"date":"2025-12-10T14:31:10","date_gmt":"2025-12-10T14:31:10","guid":{"rendered":"https:\/\/www.europesays.com\/pt\/182853\/"},"modified":"2025-12-10T14:31:10","modified_gmt":"2025-12-10T14:31:10","slug":"mutirao-de-limpeza-recolhe-mais-de-uma-tonelada-de-materiais-no-loteamento-cipriano","status":"publish","type":"post","link":"https:\/\/www.europesays.com\/pt\/182853\/","title":{"rendered":"Mutir\u00e3o de limpeza recolhe mais de uma tonelada de materiais no Loteamento Cipriano"},"content":{"rendered":"<p>No \u00faltimo s\u00e1bado, 6 de dezembro, o Programa de Combate \u00e0s Endemias, em parceria com a Secretaria de Urbaniza\u00e7\u00e3o e Meio Ambiente, realizou um mutir\u00e3o de limpeza no Loteamento Cipriano, no bairro Estrada das Areias. A a\u00e7\u00e3o fez refer\u00eancia \u00e0s tradicionais faxinas de fim de ano e teve como foco principal reduzir poss\u00edveis focos de \u00e1gua parada, medida essencial no enfrentamento ao mosquito da dengue.<\/p>\n<p>Durante o trabalho, as equipes recolheram mais de uma tonelada de materiais, todos encaminhados para descarte adequado. A iniciativa contribui diretamente para a elimina\u00e7\u00e3o de criadouros e para a promo\u00e7\u00e3o de um ambiente mais limpo, seguro e saud\u00e1vel para os moradores.<\/p>\n<p>A Prefeitura refor\u00e7a a import\u00e2ncia da colabora\u00e7\u00e3o da comunidade na manuten\u00e7\u00e3o dos quintais e terrenos, mantendo-os livres de recipientes que possam acumular \u00e1gua. A mobiliza\u00e7\u00e3o conjunta segue como uma das principais estrat\u00e9gias no combate ao Aedes aegypti e na preven\u00e7\u00e3o \u00e0 dengue no munic\u00edpio.<\/p>\n","protected":false},"excerpt":{"rendered":"No \u00faltimo s\u00e1bado, 6 de dezembro, o Programa de Combate \u00e0s Endemias, em parceria com a Secretaria de&hellip;\n","protected":false},"author":2,"featured_media":182854,"comment_status":"","ping_status":"","sticky":false,"template":"","format":"standard","meta":{"footnotes":""},"categories":[86],"tags":[116,18319,32,33,117],"class_list":{"0":"post-182853","1":"post","2":"type-post","3":"status-publish","4":"format-standard","5":"has-post-thumbnail","7":"category-saude","8":"tag-health","9":"tag-portal-jornal-cafe-impresso","10":"tag-portugal","11":"tag-pt","12":"tag-saude"},"share_on_mastodon":{"url":"https:\/\/pubeurope.com\/@pt\/115695759069261400","error":""},"_links":{"self":[{"href":"https:\/\/www.europesays.com\/pt\/wp-json\/wp\/v2\/posts\/182853","targetHints":{"allow":["GET"]}}],"collection":[{"href":"https:\/\/www.europesays.com\/pt\/wp-json\/wp\/v2\/posts"}],"about":[{"href":"https:\/\/www.europesays.com\/pt\/wp-json\/wp\/v2\/types\/post"}],"author":[{"embeddable":true,"href":"https:\/\/www.europesays.com\/pt\/wp-json\/wp\/v2\/users\/2"}],"replies":[{"embeddable":true,"href":"https:\/\/www.europesays.com\/pt\/wp-json\/wp\/v2\/comments?post=182853"}],"version-history":[{"count":0,"href":"https:\/\/www.europesays.com\/pt\/wp-json\/wp\/v2\/posts\/182853\/revisions"}],"wp:featuredmedia":[{"embeddable":true,"href":"https:\/\/www.europesays.com\/pt\/wp-json\/wp\/v2\/media\/182854"}],"wp:attachment":[{"href":"https:\/\/www.europesays.com\/pt\/wp-json\/wp\/v2\/media?parent=182853"}],"wp:term":[{"taxonomy":"category","embeddable":true,"href":"https:\/\/www.europesays.com\/pt\/wp-json\/wp\/v2\/categories?post=182853"},{"taxonomy":"post_tag","embeddable":true,"href":"https:\/\/www.europesays.com\/pt\/wp-json\/wp\/v2\/tags?post=182853"}],"curies":[{"name":"wp","href":"https:\/\/api.w.org\/{rel}","templated":true}]}}