{"id":182862,"date":"2025-12-10T14:38:24","date_gmt":"2025-12-10T14:38:24","guid":{"rendered":"https:\/\/www.europesays.com\/pt\/182862\/"},"modified":"2025-12-10T14:38:24","modified_gmt":"2025-12-10T14:38:24","slug":"entenda-a-causa-da-internacao-do-cantor-leonardo","status":"publish","type":"post","link":"https:\/\/www.europesays.com\/pt\/182862\/","title":{"rendered":"entenda a causa da interna\u00e7\u00e3o do cantor Leonardo"},"content":{"rendered":"\n<p class=\" content-text__container theme-color-primary-first-letter\" data-track-category=\"Link no Texto\" data-track-links=\"\"> O cantor Leonardo, de 62 anos, recebeu alta nesta ter\u00e7a-feira ap\u00f3s ter sido internado no Hospital Albert Einstein, em Goi\u00e2nia, devido a um quadro de gastroenterite. Nas redes sociais, o artista relatou ter sofrido com uma diarreia grave e sinais de desidrata\u00e7\u00e3o. <\/p>\n<p class=\" content-text__container \" data-track-category=\"Link no Texto\" data-track-links=\"\"> \u2014 Tive uma gastroenterite, resumindo, uma caganeira, pronto. E corri para o hospital. Fiquei internado l\u00e1, tomei soro, mas agora j\u00e1 estou em casa (&#8230;) n\u00e3o foi dessa vez n\u00e3o \u2014 brincou em publica\u00e7\u00e3o nas redes. <\/p>\n<p class=\" content-text__container \" data-track-category=\"Link no Texto\" data-track-links=\"\"> Em nota, a produtora musical de Leonardo, Talism\u00e3 Music, informou que o cantor \u201cfoi submetido \u00e0 hidrata\u00e7\u00e3o venosa com solu\u00e7\u00e3o fisiol\u00f3gica, al\u00e9m de passar por uma s\u00e9rie de exames, tendo apresentado melhora significativa, resultando na libera\u00e7\u00e3o m\u00e9dica\u201d. <\/p>\n<p class=\" content-text__container \" data-track-category=\"Link no Texto\" data-track-links=\"\"> A interna\u00e7\u00e3o n\u00e3o afetou a agenda do artista, que na ter\u00e7a-feira \u00e0 noite j\u00e1 participou do 19\u00ba Leil\u00e3o Beneficente em prol da Casa de Apoio S\u00e3o Luiz, em Campo Grande, Mato Grosso do Sul. <\/p>\n<p class=\" content-text__container \" data-track-category=\"Link no Texto\" data-track-links=\"\"> A gastroenterite aguda \u00e9 uma inflama\u00e7\u00e3o do tubo digestivo, especialmente do est\u00f4mago e dos intestinos delgado e grosso. \u00c9 um processo inflamat\u00f3rio de origem infecciosa. Na maioria das vezes, \u00e9 causada por um v\u00edrus ou bact\u00e9ria. <\/p>\n<p class=\" content-text__container \" data-track-category=\"Link no Texto\" data-track-links=\"\"> Geralmente, o cont\u00e1gio acontece da mesma forma como se pega uma virose, ou seja, pelo contato com secre\u00e7\u00e3o ou part\u00edculas respirat\u00f3rias de quem tem a doen\u00e7a. Tamb\u00e9m pode ser causado por uma toxina, que \u00e9 uma subst\u00e2ncia eliminada pela bact\u00e9ria. E, sendo por uma toxina, ocorre pela ingest\u00e3o de um alimento contaminado. <\/p>\n<p class=\" content-text__container \" data-track-category=\"Link no Texto\" data-track-links=\"\"> O tempo de tratamento pode variar de 3 a 5 dias, com recupera\u00e7\u00e3o do paciente logo a seguir. <\/p>\n<p>Quais s\u00e3o os sintomas da gastroenterite?<\/p>\n<p class=\" content-text__container \" data-track-category=\"Link no Texto\" data-track-links=\"\"> Os principais sintomas s\u00e3o: <\/p>\n<ul class=\"content-unordered-list\">\n<li>Febre, que pode ser muito alta no 2\u00ba e 3\u00ba dia de infec\u00e7\u00e3o, mas que depois costuma arrefecer;<\/li>\n<li>N\u00e1usea e v\u00f4mitos;<\/li>\n<li>Diarreia com dores na barriga;<\/li>\n<li>Falta de apetite; e<\/li>\n<li>Erup\u00e7\u00f5es na pele ao final da infec\u00e7\u00e3o.<\/li>\n<\/ul>\n<p class=\" content-text__container \" data-track-category=\"Link no Texto\" data-track-links=\"\"> Segundo o m\u00e9dico sanitarista e pediatra Daniel Becker, \u00e9 muito importante refor\u00e7ar a hidrata\u00e7\u00e3o durante o per\u00edodo da infec\u00e7\u00e3o, j\u00e1 que o paciente perde muito l\u00edquido por meio dos v\u00f4mitos e da diarreia, al\u00e9m da transpira\u00e7\u00e3o. <\/p>\n<p class=\" content-text__container \" data-track-category=\"Link no Texto\" data-track-links=\"\"> O pediatra orienta oferecer \u00e1gua a cada 15 a 30 minutos. Podem ser ofertados tamb\u00e9m \u00e1gua de coco, suco dilu\u00eddo, soro caseiro ou soro hidratante comercial. N\u00e3o se deve oferecer bebidas esportivas (como isot\u00f4nicos) nem refrigerantes. <\/p>\n<p class=\" content-text__container \" data-track-category=\"Link no Texto\" data-track-links=\"\"> S\u00e3o sinais de desidrata\u00e7\u00e3o: <\/p>\n<ul class=\"content-unordered-list\">\n<li>Olhos sem brilho ou fundos;<\/li>\n<li> Prostra\u00e7\u00e3o;<\/li>\n<li>Sonol\u00eancia ou irritabilidade;<\/li>\n<li>Boca seca;<\/li>\n<li>Choro sem l\u00e1grimas;<\/li>\n<li>Saliva espessa;<\/li>\n<li>Pele seca e sem elasticidade (quando beliscada na barriga, demora a voltar ao normal);<\/li>\n<li>Redu\u00e7\u00e3o na frequ\u00eancia e volume da urina;<\/li>\n<li>Urina mais escura;<\/li>\n<li>Nos beb\u00eas, a moleira pode ficar persistentemente baixa.<\/li>\n<\/ul>\n<p class=\" content-text__container \" data-track-category=\"Link no Texto\" data-track-links=\"\"> O risco de desidrata\u00e7\u00e3o \u00e9 o principal motivo que faz necess\u00e1rio ir a um servi\u00e7o de emerg\u00eancia. Febre alta, somada a sangue nas fezes ou muco nas fezes tamb\u00e9m s\u00e3o motivos para levar ao pronto-socorro. <\/p>\n","protected":false},"excerpt":{"rendered":"O cantor Leonardo, de 62 anos, recebeu alta nesta ter\u00e7a-feira ap\u00f3s ter sido internado no Hospital Albert Einstein,&hellip;\n","protected":false},"author":2,"featured_media":182863,"comment_status":"","ping_status":"","sticky":false,"template":"","format":"standard","meta":{"footnotes":""},"categories":[145],"tags":[1710,211,210,114,115,319,2159,32,33],"class_list":{"0":"post-182862","1":"post","2":"type-post","3":"status-publish","4":"format-standard","5":"has-post-thumbnail","7":"category-celebridades","8":"tag-cantor","9":"tag-celebridades","10":"tag-celebrities","11":"tag-entertainment","12":"tag-entretenimento","13":"tag-hard-news","14":"tag-leonardo","15":"tag-portugal","16":"tag-pt"},"share_on_mastodon":{"url":"https:\/\/pubeurope.com\/@pt\/115695786595573205","error":""},"_links":{"self":[{"href":"https:\/\/www.europesays.com\/pt\/wp-json\/wp\/v2\/posts\/182862","targetHints":{"allow":["GET"]}}],"collection":[{"href":"https:\/\/www.europesays.com\/pt\/wp-json\/wp\/v2\/posts"}],"about":[{"href":"https:\/\/www.europesays.com\/pt\/wp-json\/wp\/v2\/types\/post"}],"author":[{"embeddable":true,"href":"https:\/\/www.europesays.com\/pt\/wp-json\/wp\/v2\/users\/2"}],"replies":[{"embeddable":true,"href":"https:\/\/www.europesays.com\/pt\/wp-json\/wp\/v2\/comments?post=182862"}],"version-history":[{"count":0,"href":"https:\/\/www.europesays.com\/pt\/wp-json\/wp\/v2\/posts\/182862\/revisions"}],"wp:featuredmedia":[{"embeddable":true,"href":"https:\/\/www.europesays.com\/pt\/wp-json\/wp\/v2\/media\/182863"}],"wp:attachment":[{"href":"https:\/\/www.europesays.com\/pt\/wp-json\/wp\/v2\/media?parent=182862"}],"wp:term":[{"taxonomy":"category","embeddable":true,"href":"https:\/\/www.europesays.com\/pt\/wp-json\/wp\/v2\/categories?post=182862"},{"taxonomy":"post_tag","embeddable":true,"href":"https:\/\/www.europesays.com\/pt\/wp-json\/wp\/v2\/tags?post=182862"}],"curies":[{"name":"wp","href":"https:\/\/api.w.org\/{rel}","templated":true}]}}