{"id":182868,"date":"2025-12-10T14:49:20","date_gmt":"2025-12-10T14:49:20","guid":{"rendered":"https:\/\/www.europesays.com\/pt\/182868\/"},"modified":"2025-12-10T14:49:20","modified_gmt":"2025-12-10T14:49:20","slug":"hospital-sao-joao-batista-em-volta-redonda-promove-atendimento-gratuito-com-dermatologistas-no-sabado-13","status":"publish","type":"post","link":"https:\/\/www.europesays.com\/pt\/182868\/","title":{"rendered":"Hospital S\u00e3o Jo\u00e3o Batista, em Volta Redonda, promove atendimento gratuito com dermatologistas no s\u00e1bado (13)"},"content":{"rendered":"<p><img decoding=\"async\" src=\"https:\/\/www.europesays.com\/pt\/wp-content\/uploads\/2025\/12\/DEZEMBRO_LARANJA_SMS.jpeg\" alt=\"\"\/><\/p>\n<p style=\"text-align: center;\">Iniciativa faz parte da campanha Dezembro Laranja, para diagn\u00f3stico precoce e preven\u00e7\u00e3o do c\u00e2ncer de pele, da Sociedade Brasileira de Dermatologia<\/p>\n<p>O Hospital S\u00e3o Jo\u00e3o Batista (HSJB), da rede municipal de sa\u00fade de Volta Redonda, sedia no s\u00e1bado (13), das 9h \u00e0s 15h, o Dia do Atendimento do Dezembro Laranja \u2013 a\u00e7\u00e3o gratuita promovida pela Sociedade Brasileira de Dermatologia (SBD) em todo o pa\u00eds, voltada ao diagn\u00f3stico precoce e \u00e0 preven\u00e7\u00e3o do c\u00e2ncer de pele, o tipo mais comum entre os brasileiros. O atendimento ser\u00e1 feito no ambulat\u00f3rio da FOA (Funda\u00e7\u00e3o Oswaldo Aranha), ao lado da unidade hospitalar.<\/p>\n<p>De acordo com a SBD, o objetivo da campanha contra o c\u00e2ncer de pele \u00e9 chamar a aten\u00e7\u00e3o para a import\u00e2ncia do autocuidado e da realiza\u00e7\u00e3o do check-up anual com o dermatologista, medidas essenciais para a preven\u00e7\u00e3o e o diagn\u00f3stico precoce do c\u00e2ncer de pele, doen\u00e7a que representa cerca de 33% de todos os casos de c\u00e2ncer no Brasil, segundo o Minist\u00e9rio da Sa\u00fade.<\/p>\n<p>A doutora Cinthia Dinis da Costa, dermatologista pela SBD, ressalta que as chances de cura s\u00e3o muito altas quando o tumor \u00e9 identificado no in\u00edcio. \u201cA a\u00e7\u00e3o est\u00e1 aberta a toda a popula\u00e7\u00e3o. Se voc\u00ea tem les\u00f5es suspeitas que n\u00e3o cicatrizam, hist\u00f3rico familiar ou muitas pintas, por exemplo, aproveite esta oportunidade para cuidar da sa\u00fade da sua pele. O hospital contar\u00e1 neste dia com oito dermatologistas volunt\u00e1rios, oferecendo avalia\u00e7\u00f5es gratuitas e orienta\u00e7\u00f5es sobre prote\u00e7\u00e3o solar e h\u00e1bitos saud\u00e1veis\u201d, afirmou a doutora Cinthia Dinis, acrescentando que o atendimento ser\u00e1 feito por ordem de chegada, com prioridade para idosos e pessoas com defici\u00eancia (PCDs).<\/p>\n<p>*Oportunidade para a preven\u00e7\u00e3o*<\/p>\n<p>De acordo com o Inca (Instituto Nacional do C\u00e2ncer), mais de 220 mil novos casos de c\u00e2ncer de pele s\u00e3o estimados por ano no Brasil, o que faz da doen\u00e7a o tumor de maior incid\u00eancia no pa\u00eds. E a falta de acesso a cuidados dermatol\u00f3gicos aumenta ainda mais a preocupa\u00e7\u00e3o.<\/p>\n<p>O diretor-geral do Hospital S\u00e3o Jo\u00e3o Batista e vice-prefeito, Sebasti\u00e3o Faria, ressalta a import\u00e2ncia da aten\u00e7\u00e3o di\u00e1ria \u00e0 sa\u00fade da pele e a oportunidade de a popula\u00e7\u00e3o aproveitar o s\u00e1bado para fazer um diagn\u00f3stico.<\/p>\n<p>\u201cA pele \u00e9 o maior \u00f3rg\u00e3o do corpo e a fun\u00e7\u00e3o do \u00f3rg\u00e3o \u00e9 a prote\u00e7\u00e3o, e vivemos em um pa\u00eds com alta incid\u00eancia de raios solares e outras radia\u00e7\u00f5es. Estaremos com essa a\u00e7\u00e3o gratuita no s\u00e1bado, beneficiando muitas pessoas que acabam n\u00e3o conseguindo ir para um atendimento durante a semana, por conta de outros compromissos. Ent\u00e3o essa \u00e9 uma \u00f3tima oportunidade para a popula\u00e7\u00e3o fazer o seu check-up, prevenindo o c\u00e2ncer de pele. Mantenha o olhar atento: observe pintas, manchas e les\u00f5es suspeitas, proteja-se do sol e busque o dermatologista para uma avalia\u00e7\u00e3o regular.\u201d<\/p>\n<p><strong>A\u00e7\u00e3o acontecer\u00e1 em mais de 100 postos no Brasil<\/strong><\/p>\n<p>O tradicional Dia do Atendimento Gratuito promovido pela Sociedade Brasileira de Dermatologia contar\u00e1 com mais de 100 postos em todo o pa\u00eds e colabora\u00e7\u00e3o de mais de 2 mil m\u00e9dicos dermatologistas volunt\u00e1rios. Desde 1999, a iniciativa j\u00e1 somou mais de 600 mil consultas e identificou mais de 75 mil casos de c\u00e2nceres cut\u00e2neos.<\/p>\n<p>Estat\u00edsticas da campanha de 2024, que atendeu 18 mil pessoas, revelam que os h\u00e1bitos de exposi\u00e7\u00e3o solar seguem sendo motivo de preocupa\u00e7\u00e3o, j\u00e1 que 62,51% dos atendidos declararam se expor ao sol sem prote\u00e7\u00e3o, e apenas 31,63% afirmaram usar protetor solar regularmente.<\/p>\n<p>Ainda segundo a SBD, com base em recente pesquisa do Instituto Datafolha, cerca de 90 milh\u00f5es de brasileiros, o equivalente a 54% da popula\u00e7\u00e3o, nunca consultaram um dermatologista, refor\u00e7ando a import\u00e2ncia da campanha e o papel essencial do dermatologista para a sa\u00fade da pele.<\/p>\n<p>Fotos de Adriana C\u00f3pio \u2013 Secom\/PMVR.<\/p>\n<p>\t\t\t\t\t\t<a href=\"https:\/\/www.pinterest.com\/pin\/create\/button\/\" data-pin-do=\"buttonBookmark\" data-pin-color=\"red\" rel=\"nofollow noopener\" target=\"_blank\"><img decoding=\"async\" src=\"https:\/\/assets.pinterest.com\/images\/pidgets\/pinit_fg_en_rect_red_20.png\" alt=\"Pin It\"\/><\/a><\/p>\n","protected":false},"excerpt":{"rendered":"Iniciativa faz parte da campanha Dezembro Laranja, para diagn\u00f3stico precoce e preven\u00e7\u00e3o do c\u00e2ncer de pele, da Sociedade&hellip;\n","protected":false},"author":2,"featured_media":182869,"comment_status":"","ping_status":"","sticky":false,"template":"","format":"standard","meta":{"footnotes":""},"categories":[86],"tags":[7005,116,7003,32,3046,7007,7006,33,117,7010,7009,7004,7011,7008,7012],"class_list":{"0":"post-182868","1":"post","2":"type-post","3":"status-publish","4":"format-standard","5":"has-post-thumbnail","7":"category-saude","8":"tag-cidade-do-aco","9":"tag-health","10":"tag-portalvr","11":"tag-portugal","12":"tag-prefeitura","13":"tag-prefeitura-de-volta-redonda","14":"tag-prefeitura-vr","15":"tag-pt","16":"tag-saude","17":"tag-site-prefeitura-volta-redonda","18":"tag-site-volta-redonda","19":"tag-volta-redonda","20":"tag-volta-redonda-prefeitura","21":"tag-voltaredonda","22":"tag-vr-prefeitura"},"share_on_mastodon":{"url":"https:\/\/pubeurope.com\/@pt\/115695830162650990","error":""},"_links":{"self":[{"href":"https:\/\/www.europesays.com\/pt\/wp-json\/wp\/v2\/posts\/182868","targetHints":{"allow":["GET"]}}],"collection":[{"href":"https:\/\/www.europesays.com\/pt\/wp-json\/wp\/v2\/posts"}],"about":[{"href":"https:\/\/www.europesays.com\/pt\/wp-json\/wp\/v2\/types\/post"}],"author":[{"embeddable":true,"href":"https:\/\/www.europesays.com\/pt\/wp-json\/wp\/v2\/users\/2"}],"replies":[{"embeddable":true,"href":"https:\/\/www.europesays.com\/pt\/wp-json\/wp\/v2\/comments?post=182868"}],"version-history":[{"count":0,"href":"https:\/\/www.europesays.com\/pt\/wp-json\/wp\/v2\/posts\/182868\/revisions"}],"wp:featuredmedia":[{"embeddable":true,"href":"https:\/\/www.europesays.com\/pt\/wp-json\/wp\/v2\/media\/182869"}],"wp:attachment":[{"href":"https:\/\/www.europesays.com\/pt\/wp-json\/wp\/v2\/media?parent=182868"}],"wp:term":[{"taxonomy":"category","embeddable":true,"href":"https:\/\/www.europesays.com\/pt\/wp-json\/wp\/v2\/categories?post=182868"},{"taxonomy":"post_tag","embeddable":true,"href":"https:\/\/www.europesays.com\/pt\/wp-json\/wp\/v2\/tags?post=182868"}],"curies":[{"name":"wp","href":"https:\/\/api.w.org\/{rel}","templated":true}]}}