{"id":182895,"date":"2025-12-10T15:08:25","date_gmt":"2025-12-10T15:08:25","guid":{"rendered":"https:\/\/www.europesays.com\/pt\/182895\/"},"modified":"2025-12-10T15:08:25","modified_gmt":"2025-12-10T15:08:25","slug":"metrobus-com-solucao-e-data-ate-ao-final-do-ano","status":"publish","type":"post","link":"https:\/\/www.europesays.com\/pt\/182895\/","title":{"rendered":"Metrobus com solu\u00e7\u00e3o e data at\u00e9 ao final do ano"},"content":{"rendered":"<p data-remotead-prev-elm=\"true\" data-remotead-elm-id=\"inread\">O tema do Metrobus foi introduzido na reuni\u00e3o p\u00fablica desta quarta-feira da C\u00e2mara do Porto pelo vereador do Chega, Miguel Corte-Real, que apresentou uma mo\u00e7\u00e3o a solicitar que fosse convocada para janeiro uma reuni\u00e3o extraordin\u00e1ria para se discutir as obras do metro em curso da cidade, al\u00e9m da linha da Boavista, cujas obras est\u00e3o conclu\u00eddas h\u00e1 um ano sem data ainda prevista para o in\u00edcio da opera\u00e7\u00e3o.<\/p>\n<p>A mo\u00e7\u00e3o do Chega acabou transformada num requerimento e Pedro Duarte comprometeu-se a colocar o tema na agenda de uma das reuni\u00f5es do Executivo de janeiro, convidando a participar a administra\u00e7\u00e3o da Metro do Porto. Isto embora tenha anunciado estar por dias a apresenta\u00e7\u00e3o de uma solu\u00e7\u00e3o para o Metrobus.<\/p>\n<p>&#8220;Estamos com reuni\u00f5es de aperfei\u00e7oamento t\u00e9cnico. Ainda este ano, estaremos em condi\u00e7\u00f5es de apresentar solu\u00e7\u00f5es muito concretas, nomeadamente para o Metrobus&#8221;, revelou o presidente da C\u00e2mara do Porto.<\/p>\n<p data-remotead-prev-elm=\"true\" data-remotead-elm-id=\"centro1\">Segundo Pedro Duarte, essas reuni\u00f5es t\u00e9cnicas j\u00e1 est\u00e3o num ponto t\u00e3o avan\u00e7ado que acredita ser poss\u00edvel, at\u00e9 ao final do ano, tamb\u00e9m avan\u00e7ar com uma data prevista para o in\u00edcio da opera\u00e7\u00e3o da primeira fase do Metrobus da Boavista. &#8220;Ainda este ano, vamos ter uma data para o in\u00edcio da fase um, estamos numa fase bastante avan\u00e7ada de \u00edndole t\u00e9cnica. Temos trabalhado de forma muito intensa com a Metro para conseguirmos ultrapassar todos os problemas, nomeadamente os do impacto das obras. \u00c9 um problema duplo, este atraso&#8221;, referiu.<\/p>\n<p>O an\u00fancio de uma data prevista para o in\u00edcio da opera\u00e7\u00e3o da primeira fase do Metrobus da Boavista foi solicitado, durante a reuni\u00e3o, pelo vereador do PS, Manuel Pizarro. J\u00e1 o vereador do Chega, Miguel Corte-Real deixou claro que na reuni\u00e3o do Executivo com a Metro do Porto pretende saber pontos &#8220;o ponto de execu\u00e7\u00e3o das obras, incluindo prazos, custos, impactos urban\u00edsticos, esclarecimentos das tomadas de posi\u00e7\u00f5es pela C\u00e2mara, clarificando o grau do Munic\u00edpio na defesa dos interesses da cidade&#8221;.<\/p>\n","protected":false},"excerpt":{"rendered":"O tema do Metrobus foi introduzido na reuni\u00e3o p\u00fablica desta quarta-feira da C\u00e2mara do Porto pelo vereador do&hellip;\n","protected":false},"author":2,"featured_media":182896,"comment_status":"","ping_status":"","sticky":false,"template":"","format":"standard","meta":{"footnotes":""},"categories":[10],"tags":[27,28,20018,15,16,14,25,26,21,22,20019,12,13,19,20,32,23,24,33,17,18,29,30,31],"class_list":{"0":"post-182895","1":"post","2":"type-post","3":"status-publish","4":"format-standard","5":"has-post-thumbnail","7":"category-portugal","8":"tag-breaking-news","9":"tag-breakingnews","10":"tag-concelho-porto","11":"tag-featured-news","12":"tag-featurednews","13":"tag-headlines","14":"tag-latest-news","15":"tag-latestnews","16":"tag-main-news","17":"tag-mainnews","18":"tag-metrobus","19":"tag-news","20":"tag-noticias","21":"tag-noticias-principais","22":"tag-noticiasprincipais","23":"tag-portugal","24":"tag-principais-noticias","25":"tag-principaisnoticias","26":"tag-pt","27":"tag-top-stories","28":"tag-topstories","29":"tag-ultimas","30":"tag-ultimas-noticias","31":"tag-ultimasnoticias"},"share_on_mastodon":{"url":"https:\/\/pubeurope.com\/@pt\/115695904719875237","error":""},"_links":{"self":[{"href":"https:\/\/www.europesays.com\/pt\/wp-json\/wp\/v2\/posts\/182895","targetHints":{"allow":["GET"]}}],"collection":[{"href":"https:\/\/www.europesays.com\/pt\/wp-json\/wp\/v2\/posts"}],"about":[{"href":"https:\/\/www.europesays.com\/pt\/wp-json\/wp\/v2\/types\/post"}],"author":[{"embeddable":true,"href":"https:\/\/www.europesays.com\/pt\/wp-json\/wp\/v2\/users\/2"}],"replies":[{"embeddable":true,"href":"https:\/\/www.europesays.com\/pt\/wp-json\/wp\/v2\/comments?post=182895"}],"version-history":[{"count":0,"href":"https:\/\/www.europesays.com\/pt\/wp-json\/wp\/v2\/posts\/182895\/revisions"}],"wp:featuredmedia":[{"embeddable":true,"href":"https:\/\/www.europesays.com\/pt\/wp-json\/wp\/v2\/media\/182896"}],"wp:attachment":[{"href":"https:\/\/www.europesays.com\/pt\/wp-json\/wp\/v2\/media?parent=182895"}],"wp:term":[{"taxonomy":"category","embeddable":true,"href":"https:\/\/www.europesays.com\/pt\/wp-json\/wp\/v2\/categories?post=182895"},{"taxonomy":"post_tag","embeddable":true,"href":"https:\/\/www.europesays.com\/pt\/wp-json\/wp\/v2\/tags?post=182895"}],"curies":[{"name":"wp","href":"https:\/\/api.w.org\/{rel}","templated":true}]}}