{"id":182904,"date":"2025-12-10T15:15:13","date_gmt":"2025-12-10T15:15:13","guid":{"rendered":"https:\/\/www.europesays.com\/pt\/182904\/"},"modified":"2025-12-10T15:15:13","modified_gmt":"2025-12-10T15:15:13","slug":"vaza-o-que-o-fara-o-sentinela-liberar-todos-os-seus-poderes-outra-vez","status":"publish","type":"post","link":"https:\/\/www.europesays.com\/pt\/182904\/","title":{"rendered":"Vaza o que o far\u00e1 o Sentinela liberar todos os seus poderes outra vez"},"content":{"rendered":"<p>Para <a href=\"https:\/\/legadodamarvel.com.br\/filme\/vingadores-doomsday\" rel=\"nofollow noopener\" target=\"_blank\">Vingadores 5: Doomsday<\/a>, a Marvel Studios j\u00e1 confirmou o retorno de diversos personagens, inclusive o poderoso <strong>Sentinela<\/strong>.<\/p>\n<p>O personagem foi introduzido em Thunderbolts*, sendo brilhantemente interpretado por <a href=\"https:\/\/legadodamarvel.com.br\/tag\/lewis-pullman\/\" rel=\"nofollow noopener\" target=\"_blank\">Lewis Pullman<\/a>. E, no pr\u00f3ximo ano, ele estar\u00e1 de volta no novo Vingadores.<\/p>\n<p>No entanto, existe bastante curiosidade em torno desta volta. Afinal, <a href=\"https:\/\/legadodamarvel.com.br\/filme\/thunderbolts\" rel=\"nofollow noopener\" target=\"_blank\">Thunderbolts*<\/a> terminou com o personagem sem mem\u00f3ria de tudo que aprontou no cl\u00edmax do filme.<\/p>\n<p>Al\u00e9m disso, na cena p\u00f3s-cr\u00e9ditos, podemos acompanhar que ele voltou a ser apenas o \u201cBob\u201d, um cara normal, e que sua vers\u00e3o poderosa est\u00e1 novamente em \u201crepouso\u201d.<\/p>\n<p>Vingadores 5 trar\u00e1 o Sentinela ainda mais poderoso!<\/p>\n<p>\u00c9 claro, por\u00e9m, que isto n\u00e3o duraria para sempre. Algo no pr\u00f3ximo filme dos Vingadores far\u00e1 o Bob ativar os seus poderes e se tornar novamente o Sentinela.<\/p>\n<p>E este acontecimento acaba de ser revelado. O portal <a href=\"https:\/\/thecosmiccircus.com\/alex-perez-december-qa-part-1-avengers-doomsday-secret-wars-and-beyond\/\" rel=\"nofollow noopener\" target=\"_blank\">Cosmic Circus<\/a> revelou que, em certo momento do filme, a Yelena Belova (<a href=\"https:\/\/legadodamarvel.com.br\/tag\/florence-pugh\/\" rel=\"nofollow noopener\" target=\"_blank\">Florence Pugh<\/a>) se encontrar\u00e1 em apuros, entre a vida e a morte.<\/p>\n<p>Ser\u00e1 essa situa\u00e7\u00e3o envolvendo a Yelena que far\u00e1 o Bob se tornar novamente o Sentinela, prometendo uma das cenas mais emocionantes de Vingadores 5.<\/p>\n<p>Al\u00e9m disso, h\u00e1 rumores de que o vil\u00e3o Doutor Destino tamb\u00e9m ter\u00e1 interesse no personagem. Recentemente, noticiamos <a href=\"https:\/\/legadodamarvel.com.br\/vingadores-5-professor-xavier-enfrentara-o-desafio-mais-epico-de-sua-vida\/\" rel=\"nofollow noopener\" target=\"_blank\">aqui<\/a> que at\u00e9 mesmo o Professor Xavier dever\u00e1 ter um embate contra o Sentinela no filme.<\/p>\n<p>Resumindo, Vingadores 5 promete fortes emo\u00e7\u00f5es, e ser\u00e1 \u00f3timo ver o Sentinela ganhando cada vez mais destaque no MCU.<\/p>\n<p><strong>LEIA TAMB\u00c9M:<\/strong><\/p>\n<p>O que acharam? Deixe sua opini\u00e3o nos coment\u00e1rios e, por fim, continue acompanhando o\u00a0<strong>Legado da Marvel\u00a0<\/strong>para n\u00e3o perder nenhuma novidade!<\/p>\n","protected":false},"excerpt":{"rendered":"Para Vingadores 5: Doomsday, a Marvel Studios j\u00e1 confirmou o retorno de diversos personagens, inclusive o poderoso Sentinela.&hellip;\n","protected":false},"author":2,"featured_media":182905,"comment_status":"","ping_status":"","sticky":false,"template":"","format":"standard","meta":{"footnotes":""},"categories":[140],"tags":[114,115,147,148,146,32,33,14176],"class_list":{"0":"post-182904","1":"post","2":"type-post","3":"status-publish","4":"format-standard","5":"has-post-thumbnail","7":"category-filmes","8":"tag-entertainment","9":"tag-entretenimento","10":"tag-film","11":"tag-filmes","12":"tag-movies","13":"tag-portugal","14":"tag-pt","15":"tag-vingadores-doomsday"},"share_on_mastodon":{"url":"https:\/\/pubeurope.com\/@pt\/115695933297880316","error":""},"_links":{"self":[{"href":"https:\/\/www.europesays.com\/pt\/wp-json\/wp\/v2\/posts\/182904","targetHints":{"allow":["GET"]}}],"collection":[{"href":"https:\/\/www.europesays.com\/pt\/wp-json\/wp\/v2\/posts"}],"about":[{"href":"https:\/\/www.europesays.com\/pt\/wp-json\/wp\/v2\/types\/post"}],"author":[{"embeddable":true,"href":"https:\/\/www.europesays.com\/pt\/wp-json\/wp\/v2\/users\/2"}],"replies":[{"embeddable":true,"href":"https:\/\/www.europesays.com\/pt\/wp-json\/wp\/v2\/comments?post=182904"}],"version-history":[{"count":0,"href":"https:\/\/www.europesays.com\/pt\/wp-json\/wp\/v2\/posts\/182904\/revisions"}],"wp:featuredmedia":[{"embeddable":true,"href":"https:\/\/www.europesays.com\/pt\/wp-json\/wp\/v2\/media\/182905"}],"wp:attachment":[{"href":"https:\/\/www.europesays.com\/pt\/wp-json\/wp\/v2\/media?parent=182904"}],"wp:term":[{"taxonomy":"category","embeddable":true,"href":"https:\/\/www.europesays.com\/pt\/wp-json\/wp\/v2\/categories?post=182904"},{"taxonomy":"post_tag","embeddable":true,"href":"https:\/\/www.europesays.com\/pt\/wp-json\/wp\/v2\/tags?post=182904"}],"curies":[{"name":"wp","href":"https:\/\/api.w.org\/{rel}","templated":true}]}}