{"id":182910,"date":"2025-12-10T15:18:07","date_gmt":"2025-12-10T15:18:07","guid":{"rendered":"https:\/\/www.europesays.com\/pt\/182910\/"},"modified":"2025-12-10T15:18:07","modified_gmt":"2025-12-10T15:18:07","slug":"marisa-susana-reage-ao-desabafo-de-pedro-jorge-muitas-saudades-de","status":"publish","type":"post","link":"https:\/\/www.europesays.com\/pt\/182910\/","title":{"rendered":"Marisa Susana reage ao desabafo de Pedro Jorge: &#8220;Muitas saudades de&#8230;&#8221;"},"content":{"rendered":"<p>\t\t\t\t\t\t\t\t\t\t\t\t<a href=\"#\" onclick=\"window.open('http:\/\/www.facebook.com\/sharer.php?u=https:\/\/cusquices.com\/marisa-susana-reage-ao-desabafo-de-pedro-jorge-muitas-saudades-de\/&amp;t=Marisa Susana reage ao desabafo de Pedro Jorge: \u201cMuitas saudades de\u2026\u201d', 'facebookShare', 'width=626,height=436'); return false;\" title=\"Share on Facebook\"><\/p>\n<p>Share<\/p>\n<p><\/a><br \/>\n\t\t\t\t\t\t\t\t\t\t\t\t<a href=\"#\" onclick=\"window.open('http:\/\/twitter.com\/share?text=Marisa Susana reage ao desabafo de Pedro Jorge: \u201cMuitas saudades de\u2026\u201d -&amp;url=https:\/\/cusquices.com\/marisa-susana-reage-ao-desabafo-de-pedro-jorge-muitas-saudades-de\/', 'twitterShare', 'width=626,height=436'); return false;\" title=\"Tweet This Post\"><\/p>\n<p>Tweet<\/p>\n<p><\/a><br \/>\n\t\t\t\t\t\t\t\t\t\t\t\t<a href=\"whatsapp:\/\/send?text=Marisa Susana reage ao desabafo de Pedro Jorge: \u201cMuitas saudades de\u2026\u201d https:\/\/cusquices.com\/marisa-susana-reage-ao-desabafo-de-pedro-jorge-muitas-saudades-de\/\" rel=\"nofollow\"><\/p>\n<p>Share<\/p>\n<p><\/a><br \/>\n\t\t\t\t\t\t\t\t\t\t\t\t<a href=\"#\" onclick=\"window.open('http:\/\/pinterest.com\/pin\/create\/button\/?url=https:\/\/cusquices.com\/marisa-susana-reage-ao-desabafo-de-pedro-jorge-muitas-saudades-de\/&amp;media=https:\/\/cusquices.com\/wp-content\/uploads\/2025\/12\/marisap-pedroj-1000x600.jpg&amp;description=Marisa Susana reage ao desabafo de Pedro Jorge: \u201cMuitas saudades de\u2026\u201d', 'pinterestShare', 'width=750,height=350'); return false;\" title=\"Pin This Post\"><\/p>\n<p>Share<\/p>\n<p><\/a><br \/>\n\t\t\t\t\t\t\t\t\t\t\t\t<a href=\"mailto:?subject=Marisa Susana reage ao desabafo de Pedro Jorge: \u201cMuitas saudades de\u2026\u201d&amp;BODY=I found this article interesting and thought of sharing it with you. Check it out: https:\/\/cusquices.com\/marisa-susana-reage-ao-desabafo-de-pedro-jorge-muitas-saudades-de\/\"><\/p>\n<p>Email<\/p>\n<p><\/a><br \/>\n\t\t\t\t\t\t\t\t\t\t\t\t\t\t\t\t\t\t\t\t\t\t\t\t\t\t\t\t\t\t\t\t\t\t\t\t\t\t\t\t\t\t\t\t\t\t\t\t\t\t\t\t\t<a href=\"https:\/\/cusquices.com\/marisa-susana-reage-ao-desabafo-de-pedro-jorge-muitas-saudades-de\/#respond\" rel=\"nofollow noopener\" target=\"_blank\"><\/p>\n<p>Marisa Susana n\u00e3o ficou indiferente ao momento emotivo de Pedro Jorge.<\/p>\n<p>Durante o especial desta ter\u00e7a-feira, 9 de dezembro,<strong> Pedro Jorge<\/strong> foi chamado ao confession\u00e1rio e, em conversa com <strong>Cristina Ferreira<\/strong>, acabou por se emocionar ao recordar <strong>Marisa Susana,<\/strong> admitindo as muitas saudades que sente da colega, que foi o seu maior apoio dentro da casa.<\/p>\n<p><strong>\u201cTenho muitas saudades\u201d, <\/strong>confessou Pedro, visivelmente emocionado.<\/p>\n<p>C\u00e1 fora, <strong>Marisa Susana <\/strong>j\u00e1 reagiu e deixou uma mensagem a <strong>Pedro Jorge<\/strong> e ao <strong>\u2018Gangue dos Frescos\u2019: \u201cClaro que estou aqui para te apoiar, Pedro Jorge!! Rumo \u00e0 final let\u2019s goooo!!!\u201d,<\/strong> come\u00e7ou por dizer a Wedding planner.<\/p>\n<p><strong>\u201cMuitas saudades de estar a\u00ed com voc\u00eas do Gang dos Frescos!  Voc\u00eas s\u00e3o \u00fanicos, sempre convosco!\u201d, <\/strong>rematou <strong>Marisa Susana.<\/strong><\/p>\n<blockquote class=\"instagram-media\" data-instgrm-captioned=\"\" data-instgrm-permalink=\"https:\/\/www.instagram.com\/reel\/DSD0QIOioxU\/?utm_source=ig_embed&amp;utm_campaign=loading\" data-instgrm-version=\"14\" style=\" background:#FFF; border:0; border-radius:3px; box-shadow:0 0 1px 0 rgba(0,0,0,0.5),0 1px 10px 0 rgba(0,0,0,0.15); margin: 1px; max-width:540px; min-width:326px; padding:0; width:99.375%; width:-webkit-calc(100% - 2px); width:calc(100% - 2px);\"\/>\n<p><strong>Leia tamb\u00e9m:<\/strong><\/p>\n<p>\t\t\t\t\t\t\t\t\t\t\t\t\t\t\t\t\t\t\t\t\t\t\t\t\t<img decoding=\"async\" src=\"https:\/\/www.europesays.com\/pt\/wp-content\/uploads\/2025\/10\/cusquices-logo-52x.png\" class=\"webpexpress-processed\"\/><\/p>\n<p>\t\t\t\t\t\t\t\t\t\t\t\t\t\t\t\t\t\t\t\t\t            \t\t\t\t\t\t\t\t\t\t\t\t\t\t\t\t\t\t\t\t\t\t\t\t\t\t\t\t\t\t\t\t\t\t\t\t\t\t\t<script async src=\"https:\/\/platform.twitter.com\/widgets.js\" charset=\"utf-8\"><\/script><script async src=\"\/\/www.instagram.com\/embed.js\"><\/script><\/p>\n","protected":false},"excerpt":{"rendered":"Share Tweet Share Share Email Marisa Susana n\u00e3o ficou indiferente ao momento emotivo de Pedro Jorge. Durante o&hellip;\n","protected":false},"author":2,"featured_media":182911,"comment_status":"","ping_status":"","sticky":false,"template":"","format":"standard","meta":{"footnotes":""},"categories":[85],"tags":[2632,49,114,115,19153,21416,32,33,227],"class_list":{"0":"post-182910","1":"post","2":"type-post","3":"status-publish","4":"format-standard","5":"has-post-thumbnail","7":"category-entretenimento","8":"tag-casa-dos-segredos","9":"tag-destaques","10":"tag-entertainment","11":"tag-entretenimento","12":"tag-marisa-susana","13":"tag-pedro-jorge","14":"tag-portugal","15":"tag-pt","16":"tag-videos"},"share_on_mastodon":{"url":"https:\/\/pubeurope.com\/@pt\/115695944395747619","error":""},"_links":{"self":[{"href":"https:\/\/www.europesays.com\/pt\/wp-json\/wp\/v2\/posts\/182910","targetHints":{"allow":["GET"]}}],"collection":[{"href":"https:\/\/www.europesays.com\/pt\/wp-json\/wp\/v2\/posts"}],"about":[{"href":"https:\/\/www.europesays.com\/pt\/wp-json\/wp\/v2\/types\/post"}],"author":[{"embeddable":true,"href":"https:\/\/www.europesays.com\/pt\/wp-json\/wp\/v2\/users\/2"}],"replies":[{"embeddable":true,"href":"https:\/\/www.europesays.com\/pt\/wp-json\/wp\/v2\/comments?post=182910"}],"version-history":[{"count":0,"href":"https:\/\/www.europesays.com\/pt\/wp-json\/wp\/v2\/posts\/182910\/revisions"}],"wp:featuredmedia":[{"embeddable":true,"href":"https:\/\/www.europesays.com\/pt\/wp-json\/wp\/v2\/media\/182911"}],"wp:attachment":[{"href":"https:\/\/www.europesays.com\/pt\/wp-json\/wp\/v2\/media?parent=182910"}],"wp:term":[{"taxonomy":"category","embeddable":true,"href":"https:\/\/www.europesays.com\/pt\/wp-json\/wp\/v2\/categories?post=182910"},{"taxonomy":"post_tag","embeddable":true,"href":"https:\/\/www.europesays.com\/pt\/wp-json\/wp\/v2\/tags?post=182910"}],"curies":[{"name":"wp","href":"https:\/\/api.w.org\/{rel}","templated":true}]}}