{"id":182916,"date":"2025-12-10T15:21:08","date_gmt":"2025-12-10T15:21:08","guid":{"rendered":"https:\/\/www.europesays.com\/pt\/182916\/"},"modified":"2025-12-10T15:21:08","modified_gmt":"2025-12-10T15:21:08","slug":"nobel-da-paz-corina-machado-denuncia-terrorismo-de-estado-na-venezuela-e-apela-a-luta-pela-liberdade","status":"publish","type":"post","link":"https:\/\/www.europesays.com\/pt\/182916\/","title":{"rendered":"Nobel da Paz. Corina Machado denuncia &#8220;terrorismo de Estado&#8221; na Venezuela e apela \u00e0 &#8220;luta pela liberdade&#8221;"},"content":{"rendered":"<p>                Num discurso proferido esta quarta-feira pela sua filha durante a entrega do Nobel da Paz em Oslo, a laureada Mar\u00eda Corina Machado vincou que as democracias devem estar preparadas para lutar pela liberdade de modo a sobreviverem. A opositora denunciou ainda o \u201cterrorismo de Estado\u201d do Governo liderado pelo presidente Nicol\u00e1s Maduro.<\/p>\n<p><b>\u201cEstou aqui em nome da minha m\u00e3e, Mar\u00eda Corina Machado, que uniu milh\u00f5es de venezuelanos num esfor\u00e7o extraordin\u00e1rio\u201d,<\/b> come\u00e7ou por dizer a filha de Mar\u00eda Corina Machado, Ana Corina Sosa Machado, ao subir ao palanque.<\/p>\n<p>\u201cGra\u00e7as a todos v\u00f3s, a luta pela verdade, pela democracia, e pela paz de todo um povo \u00e9 reconhecida mundialmente\u201d, vincou.<br \/>&#13;\n<\/p>\n<p>          <img decoding=\"async\" itemprop=\"image\" class=\"img-fluid\"   src=\"https:\/\/www.europesays.com\/pt\/wp-content\/uploads\/2025\/12\/4054c375fc0b5eaa25826072f8b57916_N.jpg\"\/><\/p>\n<p>\nVisivelmente emocionada, a filha da opositora anunciou que a m\u00e3e estaria em Oslo dentro de algumas horas e que poderia finalmente abra\u00e7\u00e1-la ap\u00f3s 16 meses separadas, j\u00e1 que Corina Machado entrou na clandestinidade ap\u00f3s a \u00faltima elei\u00e7\u00e3o presidencial da Venezuela, em agosto do ano passado.<\/p>\n<p><b>&#13;<br \/>\nA vencedora do Nobel da Paz estar\u00e1 &#8220;de volta \u00e0 Venezuela muito em breve&#8221;, assegurou a sua filha.<\/b><\/p>\n<p>&#13;<br \/>\nAna Corina Sosa Machado passou ent\u00e3o a ler o discurso da m\u00e3e, que come\u00e7ou por evocar \u201cum povo e da sua longa caminhada para a liberdade\u201d.&#13;\n<\/p>\n<p>&#13;<br \/>\n&#8220;Terrorismo de Estado&#8221;&#13;\n<\/p>\n<p>\n\u201cA minha gera\u00e7\u00e3o nasceu numa democracia vibrante e n\u00f3s tom\u00e1vamos isso como garantido. Presum\u00edamos que a liberdade era t\u00e3o permanente quanto o ar que respir\u00e1vamos\u201d, continuou.<\/p>\n<p>\u201cQuando percebemos o qu\u00e3o fr\u00e1geis as nossas institui\u00e7\u00f5es se tinham tornado, um homem que outrora liderara um golpe militar para derrubar a democracia foi eleito presidente. Muitos pensavam que o carisma poderia substituir o Estado de Direito\u201d. Corina Machado lamentou que, \u201choje, nove milh\u00f5es de venezuelanos tenham sido for\u00e7ados a fugir do pa\u00eds\u201d.<\/p>\n<p>\u201cJ\u00e1 passaram tr\u00eas d\u00e9cadas de luta contra uma ditadura brutal e j\u00e1 tent\u00e1mos tudo: o<b>s di\u00e1logos foram tra\u00eddos, os protestos de milh\u00f5es foram esmagados, as elei\u00e7\u00f5es foram engendradas<\/b>. Acreditar-se num futuro parecia imposs\u00edvel\u201d.<\/p>\n<p>No entanto, em outubro de 2023 \u201ca Venezuela acordou\u201d e \u201creclamou o seu direito de votar\u201d nas elei\u00e7\u00f5es prim\u00e1rias, que uniram \u201cuma rede de cidad\u00e3os\u201d.<\/p>\n<p>Renasceu ent\u00e3o \u201ca confian\u00e7a de uma na\u00e7\u00e3o\u201d, apontou Corina Machado, lembrando que nessa altura o regime a proibiu de se candidatar \u00e0 Presid\u00eancia. \u201cFoi um duro golpe, mas os mandatos pertencem ao povo\u201d, declarou, pela voz da filha.<\/p>\n<p>Referindo-se aos sequestros, torturas e persegui\u00e7\u00f5es a opositores, <b>Machado condenou &#8220;crimes contra a humanidade documentados pelas Na\u00e7\u00f5es Unidas&#8221;<\/b> e denunciou <b>&#8220;um terrorismo de Estado utilizado para sufocar a vontade do povo&#8221;. <\/b>&#8220;Para ter democracia, temos de estar prontos para lutar pela liberdade&#8221;, acrescentou.<\/p>\n<p>Enquanto a filha lia o discurso, Mar\u00eda Corina Machado estava representada na C\u00e2mara Municipal de Oslo atrav\u00e9s de um grande retrato.<\/p>\n<p>Esta manh\u00e3, o Instituto Nobel noruegu\u00eas indicou que a opositora venezuelana &#8220;est\u00e1 em seguran\u00e7a&#8221; e estar\u00e1 em Oslo esta quarta-feira, apesar de n\u00e3o participar nas cerim\u00f3nias de entrega do pr\u00e9mio.<\/p>\n<p>Num \u00e1udio divulgado ao final da manh\u00e3 pelo instituto, a laureada indicou que estava &#8220;a caminho&#8221; da capital norueguesa. Ausente das cerim\u00f3nias, fez-se representar pela filha Ana, que leu o seu discurso e recebeu o pr\u00e9mio.Na clandestinidade h\u00e1 mais de um ano<br \/>&#13;<br \/>\nEm agosto de 2024, Corina Machado, de 58 anos, entrou na clandestinidade poucos dias depois da \u00faltima elei\u00e7\u00e3o presidencial, em que foi impedida de se candidatar.<\/p>\n<p><b>A \u00faltima apari\u00e7\u00e3o p\u00fablica foi a 9 de janeiro<\/b>, numa manifesta\u00e7\u00e3o em Caracas contra a tomada de posse de Nicol\u00e1s Maduro. <\/p>\n<p>O Pr\u00e9mio Nobel da Paz foi atribu\u00eddo no dia 10 de outubro pelos esfor\u00e7os de Corina Machado para promover uma transi\u00e7\u00e3o democr\u00e1tica na Venezuela.<\/p>\n<p>Em novembro, o procurador-geral da Venezuela, alinhado com Nicol\u00e1s Maduro, tinha afirmado \u00e0 ag\u00eancia France-Presse que, em caso de sa\u00edda do pa\u00eds, a opositora seria considerada &#8220;foragida&#8221;.&#13;\n            <\/p>\n","protected":false},"excerpt":{"rendered":"Num discurso proferido esta quarta-feira pela sua filha durante a entrega do Nobel da Paz em Oslo, a&hellip;\n","protected":false},"author":2,"featured_media":182917,"comment_status":"","ping_status":"","sticky":false,"template":"","format":"standard","meta":{"footnotes":""},"categories":[50],"tags":[27,28,15,16,14,25,26,21,22,29493,62,12,11311,13,19,20,21229,806,23,24,17,18,29,30,31,3023,63,64,65],"class_list":{"0":"post-182916","1":"post","2":"type-post","3":"status-publish","4":"format-standard","5":"has-post-thumbnail","7":"category-mundo","8":"tag-breaking-news","9":"tag-breakingnews","10":"tag-featured-news","11":"tag-featurednews","12":"tag-headlines","13":"tag-latest-news","14":"tag-latestnews","15":"tag-main-news","16":"tag-mainnews","17":"tag-maria-corina-machado","18":"tag-mundo","19":"tag-news","20":"tag-nobel","21":"tag-noticias","22":"tag-noticias-principais","23":"tag-noticiasprincipais","24":"tag-oslo","25":"tag-paz","26":"tag-principais-noticias","27":"tag-principaisnoticias","28":"tag-top-stories","29":"tag-topstories","30":"tag-ultimas","31":"tag-ultimas-noticias","32":"tag-ultimasnoticias","33":"tag-venezuela","34":"tag-world","35":"tag-world-news","36":"tag-worldnews"},"share_on_mastodon":{"url":"https:\/\/pubeurope.com\/@pt\/115695956208141546","error":""},"_links":{"self":[{"href":"https:\/\/www.europesays.com\/pt\/wp-json\/wp\/v2\/posts\/182916","targetHints":{"allow":["GET"]}}],"collection":[{"href":"https:\/\/www.europesays.com\/pt\/wp-json\/wp\/v2\/posts"}],"about":[{"href":"https:\/\/www.europesays.com\/pt\/wp-json\/wp\/v2\/types\/post"}],"author":[{"embeddable":true,"href":"https:\/\/www.europesays.com\/pt\/wp-json\/wp\/v2\/users\/2"}],"replies":[{"embeddable":true,"href":"https:\/\/www.europesays.com\/pt\/wp-json\/wp\/v2\/comments?post=182916"}],"version-history":[{"count":0,"href":"https:\/\/www.europesays.com\/pt\/wp-json\/wp\/v2\/posts\/182916\/revisions"}],"wp:featuredmedia":[{"embeddable":true,"href":"https:\/\/www.europesays.com\/pt\/wp-json\/wp\/v2\/media\/182917"}],"wp:attachment":[{"href":"https:\/\/www.europesays.com\/pt\/wp-json\/wp\/v2\/media?parent=182916"}],"wp:term":[{"taxonomy":"category","embeddable":true,"href":"https:\/\/www.europesays.com\/pt\/wp-json\/wp\/v2\/categories?post=182916"},{"taxonomy":"post_tag","embeddable":true,"href":"https:\/\/www.europesays.com\/pt\/wp-json\/wp\/v2\/tags?post=182916"}],"curies":[{"name":"wp","href":"https:\/\/api.w.org\/{rel}","templated":true}]}}