{"id":182918,"date":"2025-12-10T15:22:30","date_gmt":"2025-12-10T15:22:30","guid":{"rendered":"https:\/\/www.europesays.com\/pt\/182918\/"},"modified":"2025-12-10T15:22:30","modified_gmt":"2025-12-10T15:22:30","slug":"parlamento-recomenda-classificacao-do-cartel-de-los-soles-como-organizacao-terrorista-internacional","status":"publish","type":"post","link":"https:\/\/www.europesays.com\/pt\/182918\/","title":{"rendered":"Parlamento recomenda classifica\u00e7\u00e3o do Cartel de los Soles como organiza\u00e7\u00e3o terrorista internacional"},"content":{"rendered":"<p><strong>Acompanhe toda a atualidade informativa em\u00a0<a href=\"http:\/\/24noticias.sapo.pt\/\" rel=\"nofollow noopener\" target=\"_blank\">24noticias.sapo.pt<\/a><\/strong><\/p>\n<p>A <a href=\"https:\/\/diariodarepublica.pt\/dr\/detalhe\/resolucao-assembleia-republica\/180-2025-973018234\" target=\"_blank\" rel=\"noreferrer noopener nofollow\">Assembleia da Rep\u00fablica<\/a> recomendou ao Governo que &#8220;classifique formalmente o Cartel de los Soles como organiza\u00e7\u00e3o terrorista internacional, reconhecendo a sua atua\u00e7\u00e3o como amea\u00e7a direta \u00e0 seguran\u00e7a do Estado Portugu\u00eas, \u00e0 estabilidade da Uni\u00e3o Europeia e \u00e0 ordem internacional, e promovendo a inscri\u00e7\u00e3o desta designa\u00e7\u00e3o nos mecanismos europeus e internacionais de combate ao terrorismo&#8221;.<\/p>\n<p>\u00c9 ainda recomendado que o Governo &#8220;adote as medidas legislativas, diplom\u00e1ticas e operacionais necess\u00e1rias para refor\u00e7ar os instrumentos de preven\u00e7\u00e3o, coopera\u00e7\u00e3o e repress\u00e3o das atividades deste Cartel, assegurando que Portugal, enquanto Estado-Membro da Uni\u00e3o Europeia e signat\u00e1rio de conven\u00e7\u00f5es internacionais, exerce um papel relevante no combate ao narcoterrorismo transnacional&#8221;.<\/p>\n<p>O Cartel de los Soles \u00e9 considerado um grupo criminoso vinculado a altos membros das For\u00e7as Armadas da Venezuela. O nome \u201cSoles\u201d (que significa \u201cS\u00f3is\u201d) faz refer\u00eancia aos distintivos militares usados pelos oficiais de alta patente, sugerindo que o cartel estaria ligado a oficiais de alto escal\u00e3o.<\/p>\n<p>Surgiu na d\u00e9cada de 1990 ou in\u00edcio dos anos 2000, segundo relatos de autoridades e investiga\u00e7\u00f5es internacionais. Est\u00e1 associado ao tr\u00e1fico internacional de drogas, especialmente coca\u00edna, com rotas ligadas \u00e0 Am\u00e9rica Latina, Caribe e Estados Unidos.<\/p>\n<p>Nos \u00faltimos anos, tem sido referido que o cartel ter\u00e1 conex\u00f5es com membros do governo venezuelano, embora essas conex\u00f5es sejam muitas vezes dif\u00edceis de comprovar publicamente. Em <a href=\"https:\/\/www.cnnbrasil.com.br\/blogs\/priscila-yazbek\/internacional\/entenda-o-que-e-o-cartel-de-los-soles-que-maduro-e-acusado-de-chefiar\/\" target=\"_blank\" rel=\"noreferrer noopener nofollow\">agosto<\/a>, o Governo Trump acusou o ditador da Venezuela de ser o l\u00edder de organiza\u00e7\u00e3o criminosa.<\/p>\n<p>Em 2020, ainda no primeiro mandato de Donald Trump, os EUA acusaram Maduro formalmente por narcoterrorismo, corrup\u00e7\u00e3o e tr\u00e1fico de drogas.<\/p>\n<p>Na den\u00fancia, o governo americano afirmou que Maduro liderou o Cartel de los Soles desde a sua cria\u00e7\u00e3o e que o utilizou para corromper institui\u00e7\u00f5es venezuelanas, de modo a facilitar a exporta\u00e7\u00e3o de coca\u00edna para os Estados Unidos. Maduro negou as acusa\u00e7\u00f5es e classificou-as como uma a\u00e7\u00e3o &#8220;escandalosamente extremista, vulgar e miser\u00e1vel&#8221;.<\/p>\n<p>___<\/p>\n<p><strong>A sua newsletter de sempre, agora ainda mais \u00fatil<\/strong><\/p>\n<p>Com o lan\u00e7amento da nova marca de informa\u00e7\u00e3o 24not\u00edcias, estamos a mudar a plataforma de newsletters, aproveitando para refor\u00e7ar a informa\u00e7\u00e3o que os leitores mais valorizam:<strong> a que lhes \u00e9 \u00fatil, ajuda a tomar decis\u00f5es e a entender o mundo.<\/strong><\/p>\n<p><strong>Assine a nova newsletter do 24not\u00edcias <a href=\"https:\/\/sapo.us1.list-manage.com\/subscribe?u=8f49263740b14ab5854be8045&amp;id=57a39c5e8f\" target=\"_blank\" rel=\"noreferrer noopener nofollow\">aqui<\/a>.<\/strong><\/p>\n","protected":false},"excerpt":{"rendered":"Acompanhe toda a atualidade informativa em\u00a024noticias.sapo.pt A Assembleia da Rep\u00fablica recomendou ao Governo que &#8220;classifique formalmente o Cartel&hellip;\n","protected":false},"author":2,"featured_media":182919,"comment_status":"","ping_status":"","sticky":false,"template":"","format":"standard","meta":{"footnotes":""},"categories":[10],"tags":[27,28,15,16,14,25,26,21,22,12,13,19,20,32,23,24,33,17,18,29,30,31],"class_list":{"0":"post-182918","1":"post","2":"type-post","3":"status-publish","4":"format-standard","5":"has-post-thumbnail","7":"category-portugal","8":"tag-breaking-news","9":"tag-breakingnews","10":"tag-featured-news","11":"tag-featurednews","12":"tag-headlines","13":"tag-latest-news","14":"tag-latestnews","15":"tag-main-news","16":"tag-mainnews","17":"tag-news","18":"tag-noticias","19":"tag-noticias-principais","20":"tag-noticiasprincipais","21":"tag-portugal","22":"tag-principais-noticias","23":"tag-principaisnoticias","24":"tag-pt","25":"tag-top-stories","26":"tag-topstories","27":"tag-ultimas","28":"tag-ultimas-noticias","29":"tag-ultimasnoticias"},"share_on_mastodon":{"url":"https:\/\/pubeurope.com\/@pt\/115695959819977487","error":""},"_links":{"self":[{"href":"https:\/\/www.europesays.com\/pt\/wp-json\/wp\/v2\/posts\/182918","targetHints":{"allow":["GET"]}}],"collection":[{"href":"https:\/\/www.europesays.com\/pt\/wp-json\/wp\/v2\/posts"}],"about":[{"href":"https:\/\/www.europesays.com\/pt\/wp-json\/wp\/v2\/types\/post"}],"author":[{"embeddable":true,"href":"https:\/\/www.europesays.com\/pt\/wp-json\/wp\/v2\/users\/2"}],"replies":[{"embeddable":true,"href":"https:\/\/www.europesays.com\/pt\/wp-json\/wp\/v2\/comments?post=182918"}],"version-history":[{"count":0,"href":"https:\/\/www.europesays.com\/pt\/wp-json\/wp\/v2\/posts\/182918\/revisions"}],"wp:featuredmedia":[{"embeddable":true,"href":"https:\/\/www.europesays.com\/pt\/wp-json\/wp\/v2\/media\/182919"}],"wp:attachment":[{"href":"https:\/\/www.europesays.com\/pt\/wp-json\/wp\/v2\/media?parent=182918"}],"wp:term":[{"taxonomy":"category","embeddable":true,"href":"https:\/\/www.europesays.com\/pt\/wp-json\/wp\/v2\/categories?post=182918"},{"taxonomy":"post_tag","embeddable":true,"href":"https:\/\/www.europesays.com\/pt\/wp-json\/wp\/v2\/tags?post=182918"}],"curies":[{"name":"wp","href":"https:\/\/api.w.org\/{rel}","templated":true}]}}