{"id":182923,"date":"2025-12-10T15:25:11","date_gmt":"2025-12-10T15:25:11","guid":{"rendered":"https:\/\/www.europesays.com\/pt\/182923\/"},"modified":"2025-12-10T15:25:11","modified_gmt":"2025-12-10T15:25:11","slug":"arquiteto-de-esposende-ganha-prestigiado-premio-nacional-com-bolsa-de-6-mil-euros","status":"publish","type":"post","link":"https:\/\/www.europesays.com\/pt\/182923\/","title":{"rendered":"Arquiteto de Esposende ganha prestigiado pr\u00e9mio nacional (com bolsa de 6 mil euros)"},"content":{"rendered":"<p>Rafael Sousa Santos, arquiteto de Esposende, venceu, recentemente, o Pr\u00e9mio Fernando T\u00e1vora, um dos mais prestigiados galard\u00f5es da arquitetura em Portugal. O galard\u00e3o vem acompanhado de uma bolsa de viagem de seis mil euros para desenvolver o projeto vencedor, que versa sobre a \u201cArquitetura da Pequena Pesca\u201d. A C\u00e2mara de Esposende aprovou, no dia de 27 de novembro, por unanimidade, um voto de louvor a Rafael Sousa Santos.<\/p>\n<p>&#13;<br \/>\n&#13;<br \/>\n&#13;<\/p>\n<p>A proposta do arquiteto esposendense, intitulada \u201cArquitetura da Pequena Pesca\u201d, incide sobre a documenta\u00e7\u00e3o e valoriza\u00e7\u00e3o da dimens\u00e3o arquitet\u00f3nica e espacial das comunidades piscat\u00f3rias de pequena escala ao longo da costa portuguesa \u2014 um setor essencial, mas frequentemente menos vis\u00edvel face \u00e0 pesca industrial.<\/p>\n<p>Em comunicado, a autarquia salienta que \u201co projeto contempla o primeiro levantamento nacional dedicado \u00e0 arquitetura associada \u00e0 pequena pesca, destacando o patrim\u00f3nio material e imaterial destas comunidades, de grande relev\u00e2ncia ecol\u00f3gica, social e econ\u00f3mica, particularmente para territ\u00f3rios costeiros como Esposende\u201d. <\/p>\n<p>O pr\u00e9mio atribui ao arquiteto uma bolsa de viagem no valor de seis mil euros, destinada ao desenvolvimento da proposta.<\/p>\n<p>Institu\u00eddo em 2005, o Pr\u00e9mio Fernando T\u00e1vora constitui uma homenagem ao reconhecido arquiteto hom\u00f3nimo e sublinha o valor da viagem como instrumento de forma\u00e7\u00e3o e renova\u00e7\u00e3o do olhar profissional, distinguindo anualmente a melhor proposta apresentada por arquitetos inscritos na Ordem.<\/p>\n<p>Doutorado pela Faculdade de Arquitetura da Universidade do Porto e atualmente investigador p\u00f3s-doutoral no projeto Fishing Architecture, financiado pelo European Research Council, Rafael Sousa Santos desenvolveu investiga\u00e7\u00e3o em institui\u00e7\u00f5es de refer\u00eancia como o Politecnico di Milano e o Massachusetts Institute of Technology (MIT), participando regularmente em confer\u00eancias, publica\u00e7\u00f5es cient\u00edficas e iniciativas de destaque nas \u00e1reas da arquitetura e do urbanismo.<\/p>\n<p>\u201cA atribui\u00e7\u00e3o deste pr\u00e9mio a um arquiteto natural de Esposende constitui um motivo de grande orgulho para o Munic\u00edpio, refor\u00e7ando a visibilidade do concelho no panorama cultural e acad\u00e9mico nacional. Este reconhecimento traduz n\u00e3o apenas o m\u00e9rito individual de Rafael Sousa Santos, mas tamb\u00e9m a forte liga\u00e7\u00e3o da sua investiga\u00e7\u00e3o ao territ\u00f3rio, ao patrim\u00f3nio mar\u00edtimo e \u00e0 identidade das comunidades costeiras. Sublinha, igualmente, a capacidade de Esposende inspirar percursos de excel\u00eancia, afirmando-o como um concelho de criatividade, conhecimento e inova\u00e7\u00e3o\u201d, pode ler-se no voto de louvor aprovado pelo executivo municipal.<\/p>\n","protected":false},"excerpt":{"rendered":"Rafael Sousa Santos, arquiteto de Esposende, venceu, recentemente, o Pr\u00e9mio Fernando T\u00e1vora, um dos mais prestigiados galard\u00f5es da&hellip;\n","protected":false},"author":2,"featured_media":182924,"comment_status":"","ping_status":"","sticky":false,"template":"","format":"standard","meta":{"footnotes":""},"categories":[144],"tags":[207,205,206,203,201,202,204,114,115,32,33],"class_list":{"0":"post-182923","1":"post","2":"type-post","3":"status-publish","4":"format-standard","5":"has-post-thumbnail","7":"category-arte-e-design","8":"tag-arte","9":"tag-arte-e-design","10":"tag-artedesign","11":"tag-arts","12":"tag-arts-and-design","13":"tag-artsanddesign","14":"tag-design","15":"tag-entertainment","16":"tag-entretenimento","17":"tag-portugal","18":"tag-pt"},"share_on_mastodon":{"url":"https:\/\/pubeurope.com\/@pt\/115695971460649443","error":""},"_links":{"self":[{"href":"https:\/\/www.europesays.com\/pt\/wp-json\/wp\/v2\/posts\/182923","targetHints":{"allow":["GET"]}}],"collection":[{"href":"https:\/\/www.europesays.com\/pt\/wp-json\/wp\/v2\/posts"}],"about":[{"href":"https:\/\/www.europesays.com\/pt\/wp-json\/wp\/v2\/types\/post"}],"author":[{"embeddable":true,"href":"https:\/\/www.europesays.com\/pt\/wp-json\/wp\/v2\/users\/2"}],"replies":[{"embeddable":true,"href":"https:\/\/www.europesays.com\/pt\/wp-json\/wp\/v2\/comments?post=182923"}],"version-history":[{"count":0,"href":"https:\/\/www.europesays.com\/pt\/wp-json\/wp\/v2\/posts\/182923\/revisions"}],"wp:featuredmedia":[{"embeddable":true,"href":"https:\/\/www.europesays.com\/pt\/wp-json\/wp\/v2\/media\/182924"}],"wp:attachment":[{"href":"https:\/\/www.europesays.com\/pt\/wp-json\/wp\/v2\/media?parent=182923"}],"wp:term":[{"taxonomy":"category","embeddable":true,"href":"https:\/\/www.europesays.com\/pt\/wp-json\/wp\/v2\/categories?post=182923"},{"taxonomy":"post_tag","embeddable":true,"href":"https:\/\/www.europesays.com\/pt\/wp-json\/wp\/v2\/tags?post=182923"}],"curies":[{"name":"wp","href":"https:\/\/api.w.org\/{rel}","templated":true}]}}