{"id":182925,"date":"2025-12-10T15:27:24","date_gmt":"2025-12-10T15:27:24","guid":{"rendered":"https:\/\/www.europesays.com\/pt\/182925\/"},"modified":"2025-12-10T15:27:24","modified_gmt":"2025-12-10T15:27:24","slug":"depois-de-mudar-a-cor-do-cabelo-dylan-toma-outra-decisao-que-vai-deixar-ines-em-choque-dois-as-10","status":"publish","type":"post","link":"https:\/\/www.europesays.com\/pt\/182925\/","title":{"rendered":"Depois de mudar a cor do cabelo, Dylan toma outra decis\u00e3o que vai deixar In\u00eas em &#8216;choque&#8217; &#8211; Dois \u00e0s 10"},"content":{"rendered":"<p>                        Depois de surpreender com um novo visual, Dylan, do Secret Story, decidiu manter a liga\u00e7\u00e3o com In\u00eas para sempre.<\/p>\n<p data-end=\"438\" data-start=\"161\">Desde que saiu da nona edi\u00e7\u00e3o do <strong data-end=\"232\" data-start=\"194\">\u201cSecret Story &#8211; Casa dos Segredos\u201d<\/strong>, Dylan Fonte tem vivido a adapta\u00e7\u00e3o ao mundo c\u00e1 fora, mas h\u00e1 algo \u2014 ou melhor, algu\u00e9m \u2014 que continua sempre presente: <strong data-end=\"364\" data-start=\"351\">In\u00eas Gama<\/strong>, a concorrente por quem se apaixonou dentro da casa mais vigiada do pa\u00eds.<\/p>\n<p data-end=\"695\" data-start=\"440\">Esta ter\u00e7a-feira, 9 de dezembro, o ex-concorrente recorreu ao Instagram para mostrar a sua mais recente tatuagem: a palavra <strong data-end=\"575\" data-start=\"564\">\u201camour\u201d<\/strong> (\u201camor\u201d, em portugu\u00eas), gravada num dos dedos da m\u00e3o. Uma escolha que n\u00e3o tardou a gerar rea\u00e7\u00f5es e coment\u00e1rios atentos.<\/p>\n<p data-end=\"914\" data-start=\"697\">O motivo? Os seguidores mais atentos repararam rapidamente que <strong data-end=\"822\" data-start=\"762\">In\u00eas Gama tem exatamente a mesma tatuagem, no mesmo dedo<\/strong> \u2014 um detalhe imposs\u00edvel de ignorar para quem acompanhou o romance dos dois no reality show. (Veja na galeria em cima)<\/p>\n<p data-end=\"1146\" data-start=\"916\">O gesto foi criticada por uns mas tamb\u00e9m interpretado por muitos como uma forma de Dylan manter viva a liga\u00e7\u00e3o \u00e0 jovem, agora que j\u00e1 n\u00e3o est\u00e3o juntos dentro do jogo. Mesmo fora da casa, o ex-concorrente parece querer mostrar que o sentimento continua intacto.<\/p>\n","protected":false},"excerpt":{"rendered":"Depois de surpreender com um novo visual, Dylan, do Secret Story, decidiu manter a liga\u00e7\u00e3o com In\u00eas para&hellip;\n","protected":false},"author":2,"featured_media":182926,"comment_status":"","ping_status":"","sticky":false,"template":"","format":"standard","meta":{"footnotes":""},"categories":[142],"tags":[329,166,3412,3406,3409,801,3410,3411,3407,3408,19105,114,115,15353,3413,338,32,33,1315,151],"class_list":{"0":"post-182925","1":"post","2":"type-post","3":"status-publish","4":"format-standard","5":"has-post-thumbnail","7":"category-tv","8":"tag-claudio-ramos","9":"tag-cristina-ferreira","10":"tag-dois-10","11":"tag-dois-a-s-10-dois-a-s-10","12":"tag-dois-a-s-dez","13":"tag-dois-as-10","14":"tag-dois-as-dez","15":"tag-dois-dez","16":"tag-doisas10","17":"tag-doisasdez","18":"tag-dylan","19":"tag-entertainment","20":"tag-entretenimento","21":"tag-ines","22":"tag-manha-tvi","23":"tag-maria-botelho-moniz","24":"tag-portugal","25":"tag-pt","26":"tag-secret-story","27":"tag-tv"},"share_on_mastodon":{"url":"https:\/\/pubeurope.com\/@pt\/115695979469105121","error":""},"_links":{"self":[{"href":"https:\/\/www.europesays.com\/pt\/wp-json\/wp\/v2\/posts\/182925","targetHints":{"allow":["GET"]}}],"collection":[{"href":"https:\/\/www.europesays.com\/pt\/wp-json\/wp\/v2\/posts"}],"about":[{"href":"https:\/\/www.europesays.com\/pt\/wp-json\/wp\/v2\/types\/post"}],"author":[{"embeddable":true,"href":"https:\/\/www.europesays.com\/pt\/wp-json\/wp\/v2\/users\/2"}],"replies":[{"embeddable":true,"href":"https:\/\/www.europesays.com\/pt\/wp-json\/wp\/v2\/comments?post=182925"}],"version-history":[{"count":0,"href":"https:\/\/www.europesays.com\/pt\/wp-json\/wp\/v2\/posts\/182925\/revisions"}],"wp:featuredmedia":[{"embeddable":true,"href":"https:\/\/www.europesays.com\/pt\/wp-json\/wp\/v2\/media\/182926"}],"wp:attachment":[{"href":"https:\/\/www.europesays.com\/pt\/wp-json\/wp\/v2\/media?parent=182925"}],"wp:term":[{"taxonomy":"category","embeddable":true,"href":"https:\/\/www.europesays.com\/pt\/wp-json\/wp\/v2\/categories?post=182925"},{"taxonomy":"post_tag","embeddable":true,"href":"https:\/\/www.europesays.com\/pt\/wp-json\/wp\/v2\/tags?post=182925"}],"curies":[{"name":"wp","href":"https:\/\/api.w.org\/{rel}","templated":true}]}}