{"id":182939,"date":"2025-12-10T15:35:15","date_gmt":"2025-12-10T15:35:15","guid":{"rendered":"https:\/\/www.europesays.com\/pt\/182939\/"},"modified":"2025-12-10T15:35:15","modified_gmt":"2025-12-10T15:35:15","slug":"excesso-de-oferta-ja-era-especialistas-ja-falam-em-superexcesso","status":"publish","type":"post","link":"https:\/\/www.europesays.com\/pt\/182939\/","title":{"rendered":"excesso de oferta j\u00e1 era; especialistas j\u00e1 falam em &#8220;superexcesso&#8221;"},"content":{"rendered":"<p>        Est\u00e1 a sobrar petr\u00f3leo um pouco por todo o mundo. A este ritmo, em que sobram 1,9 milh\u00f5es de barris de crude no mercado por dia, em 2026 este n\u00famero pode chegar aos quatro milh\u00f5es de barris em excesso.    <\/p>\n<p>At\u00e9 h\u00e1 bem pouco tempo, o termo utilizado era \u201cexcesso de oferta\u201d mas perante o excesso de petr\u00f3leo nos principais mercados produtores, os especialistas viram-se obrigados a encontrar uma outra designa\u00e7\u00e3o que fa\u00e7a jus ao que se passa: agora, o termo \u00e9 superexcesso.<\/p>\n<p>Aparentemente, est\u00e1 a sobrar petr\u00f3leo um pouco por todo o mundo (em poucos meses, os invent\u00e1rios globais de petr\u00f3leo bruto ter\u00e3o disparado em mais de 200 milh\u00f5es de barris, de acordo com estimativas da Ag\u00eancia Internacional de Energia) e a este ritmo em que sobram 1,9 milh\u00f5es de barris de crude no mercado, em 2026 este n\u00famero pode chegar aos quatro milh\u00f5es de barris em excesso.<\/p>\n<p>Com a produ\u00e7\u00e3o de petr\u00f3leo bruto a estender-se a cada vez mais pa\u00edses, e naturalmente com maior quantidade, a verdade \u00e9 que os especialistas verificam que a procura n\u00e3o est\u00e1 a corresponder a esse excesso de produ\u00e7\u00e3o<\/p>\n<p>Recorda o \u201cEl Economista\u201d que um analista da Ag\u00eancia Internacional de Energia apontava h\u00e1 uns dias que \u201co mercado petrol\u00edfero mundial poder\u00e1 estar num ponto de inflex\u00e3o perante o surgimento de ind\u00edcios de um excesso de oferta significativa.<\/p>\n<p data-mrf-recirculation=\"Desktop - Links P\u00e1rrafos \">Apesar do excesso, os pre\u00e7os do crude mantiveram-se resilientes j\u00e1 que de acordo com os analistas, a maior acumula\u00e7\u00e3o de petr\u00f3leo concentrou-se sobretudo em \u00e1reas com menor influ\u00eancia direta na defini\u00e7\u00e3o dos pre\u00e7os. No entanto, o aumento repentino da oferta do M\u00e9dio Oriente (sobretudo na OPEP) e Am\u00e9rica aponta um excedente j\u00e1 considerado insustent\u00e1vel de quase quatro milh\u00f5es de barris di\u00e1rios em 2026.<\/p>\n<p data-mrf-recirculation=\"Desktop - Links P\u00e1rrafos \">E \u00e9 aqui que chegamos a um novo termo no mercado petrol\u00edfero: o \u201csuperexcesso de oferta\u201d. Saad Rahim, economista-chefe da Trafigura, operador independente de mercadorias e mat\u00e9rias-primas, especializado nos mercados de petr\u00f3leo, minerais e metais, reconheceu, citado pelo \u201cEl Economista\u201d que os novos projetos de perfura\u00e7\u00e3o e a desacelera\u00e7\u00e3o do crescimento da procura ir\u00e3o provavelmente afetar ainda mais os j\u00e1 deprimidos pre\u00e7os do crude no pr\u00f3ximo ano.<\/p>\n","protected":false},"excerpt":{"rendered":"Est\u00e1 a sobrar petr\u00f3leo um pouco por todo o mundo. A este ritmo, em que sobram 1,9 milh\u00f5es&hellip;\n","protected":false},"author":2,"featured_media":182940,"comment_status":"","ping_status":"","sticky":false,"template":"","format":"standard","meta":{"footnotes":""},"categories":[83],"tags":[37335,10943,88,89,90,32,33],"class_list":{"0":"post-182939","1":"post","2":"type-post","3":"status-publish","4":"format-standard","5":"has-post-thumbnail","7":"category-empresas","8":"tag-agencia-internacional-de-energia","9":"tag-barril-de-petroleo","10":"tag-business","11":"tag-economy","12":"tag-empresas","13":"tag-portugal","14":"tag-pt"},"share_on_mastodon":{"url":"https:\/\/pubeurope.com\/@pt\/115696010868423933","error":""},"_links":{"self":[{"href":"https:\/\/www.europesays.com\/pt\/wp-json\/wp\/v2\/posts\/182939","targetHints":{"allow":["GET"]}}],"collection":[{"href":"https:\/\/www.europesays.com\/pt\/wp-json\/wp\/v2\/posts"}],"about":[{"href":"https:\/\/www.europesays.com\/pt\/wp-json\/wp\/v2\/types\/post"}],"author":[{"embeddable":true,"href":"https:\/\/www.europesays.com\/pt\/wp-json\/wp\/v2\/users\/2"}],"replies":[{"embeddable":true,"href":"https:\/\/www.europesays.com\/pt\/wp-json\/wp\/v2\/comments?post=182939"}],"version-history":[{"count":0,"href":"https:\/\/www.europesays.com\/pt\/wp-json\/wp\/v2\/posts\/182939\/revisions"}],"wp:featuredmedia":[{"embeddable":true,"href":"https:\/\/www.europesays.com\/pt\/wp-json\/wp\/v2\/media\/182940"}],"wp:attachment":[{"href":"https:\/\/www.europesays.com\/pt\/wp-json\/wp\/v2\/media?parent=182939"}],"wp:term":[{"taxonomy":"category","embeddable":true,"href":"https:\/\/www.europesays.com\/pt\/wp-json\/wp\/v2\/categories?post=182939"},{"taxonomy":"post_tag","embeddable":true,"href":"https:\/\/www.europesays.com\/pt\/wp-json\/wp\/v2\/tags?post=182939"}],"curies":[{"name":"wp","href":"https:\/\/api.w.org\/{rel}","templated":true}]}}