{"id":182943,"date":"2025-12-10T15:37:12","date_gmt":"2025-12-10T15:37:12","guid":{"rendered":"https:\/\/www.europesays.com\/pt\/182943\/"},"modified":"2025-12-10T15:37:12","modified_gmt":"2025-12-10T15:37:12","slug":"1143-sempre-esta-e-para-as-tias-why-not","status":"publish","type":"post","link":"https:\/\/www.europesays.com\/pt\/182943\/","title":{"rendered":"1143 Sempre, Esta \u00e9 para as tias, Why not?!"},"content":{"rendered":"<p class=\"wp-caption-text top\">Andr\u00e9 Kosters \/ Lusa<\/p>\n<p><img decoding=\"async\" loading=\"lazy\" class=\"size-kopa-image-size-3 wp-image-705603\" src=\"https:\/\/www.europesays.com\/pt\/wp-content\/uploads\/2025\/12\/7e50b53658c6d593bd3d29e8c2e1351c-783x450.jpg\" alt=\"\" width=\"700\" height=\"402\"  \/><\/p>\n<p><strong>Tamb\u00e9m h\u00e1 a \u201cAngela Maryah\u201d, o \u201cE finalmente Apar\u00edcio\u201d, ou o \u201cPARaPR2026 \u2013 O meu partido: Portugal\u201d. A lista \u00e9 longa.<\/strong><\/p>\n<p>A lista de <strong>candidatos a presidente da Rep\u00fablica<\/strong> \u2013 ou de potenciais candidatos a presidente da Rep\u00fablica \u2013 \u00e9 mais longa do que pens\u00e1vamos.<\/p>\n<p>Os mais conhecidos j\u00e1 sabemos: Gouveia e Melo, Marques Mendes e Andr\u00e9 Ventura, favoritos a passarem \u00e0 segunda volta.<\/p>\n<p>Ant\u00f3nio Jos\u00e9 Seguro e Jo\u00e3o Cotrim de Figueiredo. Catarina Martins, Ant\u00f3nio Filipe e Jorge Pinto tamb\u00e9m est\u00e3o na lista do <a href=\"https:\/\/www.portaldacandidatura.mai.gov.pt\/pesquisa?idEleicao=1200\" data-wpel-link=\"external\" target=\"_blank\" rel=\"nofollow external noopener noreferrer\" class=\"ext-link\">Portal da Candidatura<\/a>.<\/p>\n<p>\u00c0 \u201cboleia\u201d de um coment\u00e1rio de Pedro Benevides na r\u00e1dio <a href=\"https:\/\/observador.pt\/programas\/e-o-vencedor-e\/de-angola-a-corrupcao-onde-falha-marques-mendes\/\" data-wpel-link=\"external\" target=\"_blank\" rel=\"nofollow external noopener noreferrer\" class=\"ext-link\">Observador<\/a>, fomos espreitar precisamente esse portal, a plataforma onde se registam todos os que querem ser candidatos \u00e0s elei\u00e7\u00f5es. Neste caso, \u00e0s presidenciais de 2026.<\/p>\n<p>N\u00e3o vamos deixar aqui a lista completa dos<strong> 45 candidatos<\/strong>, ou potenciais candidatos (muitos n\u00e3o t\u00eam as assinaturas necess\u00e1rias, pelo menos para j\u00e1); mas destacamos alguns nomes que saltaram \u00e0 vista. Sobretudo nomes da pr\u00f3pria candidatura.<\/p>\n<p>\u201cOrgulho Nacional 2026\u2026Nelson de Sousa Rodrigues\u2026A luta continua e a vit\u00f3ria \u00e9 certa !\u201d \u2013 \u00e9 a denomina\u00e7\u00e3o da candidatura de N\u00e9lson Rodrigues.<\/p>\n<p>Sara Castanheira gosta do ano da funda\u00e7\u00e3o de Portugal e apresenta-se com a candidatura <strong>\u201c1143 Sempre!<\/strong> Sara Castanheira!\u201d.<\/p>\n<p>\u00c2ngela Maria alterou ligeiramente o seu nome para se apresentar como <strong>\u201cAngela Maryah \u2013 A Presidente Pioneira -\u201c.<\/strong><\/p>\n<p><strong>\u201cE finalmente Apar\u00edcio\u201d<\/strong> \u00e9 o nome da candidatura de Pedro Apar\u00edcio.<\/p>\n<p>Tamb\u00e9m h\u00e1 designa\u00e7\u00f5es mais longas, como \u201cEm\u00edlio Ramos, Honrar o Passado, Proteger o Futuro, Viver o Presente\u201d, ou \u201cMANUELA MAGNO \u2013 Cidadania Ativa, por Portugal, na Europa e no Mundo\u201d.<\/p>\n<p>J\u00falio Cabral faz quest\u00e3o de se apresentar como candidato a presidente e engenheiro: \u201cEng\u00ba J\u00falio Cabral \u2013 vamos mudar a nossa hist\u00f3ria\u201d.<\/p>\n<p>Joaquim Espadaneira resume a sua candidatura com \u201cEspadaneira Presidente!\u201d<\/p>\n<p>O jovem Lino Silva tem uma candidatura denominada <strong>\u201cEsta \u00e9 pras tias 2026\u201d<\/strong>.<\/p>\n<p>Paulo Rodrigues prefere uma designa\u00e7\u00e3o algo confusa \u00e0 primeira vista: <strong>\u201cPARaPR2026<\/strong> \u2013 O meu partido: Portugal\u201d.<\/p>\n<p>Emanuel Moleirinho \u00e9 o candidato <strong>\u201cPresidente Moleirinho<\/strong> 2026\u201d.<\/p>\n<p>Alexandre Ramos opta por ser o \u201cS\u00edmbolo da na\u00e7\u00e3o e o Guardi\u00e3o da Democracia\u201d.<\/p>\n<p>Por outro lado, h\u00e1 gente mais confiante: <strong>\u201cUm Sorriso em Cada Portugu\u00eas\u201d<\/strong>, defende a candidatura de Jaime Silva.<\/p>\n<p>Por fim, a \u00faltima mesmo (por ordem alfab\u00e9tica) \u00e9 a candidatura <strong>\u201cWhy not?!\u201d.<\/strong> O candidato \u00e9 David Belo.<\/p>\n<p>Na lista est\u00e3o outros dois nomes conhecidos: o sindicalista Andr\u00e9 Pestana, com \u201cAndr\u00e9 Pestana, um dos teus a Presidente\u201d, e o m\u00fasico Manuel Vieira, o \u201cCandidato Vieira\u201d.<\/p>\n<p style=\"padding-left: 25px; margin-bottom: 10; font-family: Roboto, Arial, Helvetica, sans-serif; font-size: 15px\">&#13;<br \/>\n        Nuno Teixeira da Silva, ZAP \/\/ <a href=\"\" data-wpel-link=\"internal\"\/>&#13;\n    <\/p>\n<p>    <a href=\"https:\/\/zap.aeiou.pt\/subscrever-newsletter\" data-wpel-link=\"internal\" rel=\"nofollow noopener\" target=\"_blank\">&#13;<br \/>\n        <img loading=\"lazy\" decoding=\"async\" class=\"aligncenter size-full wp-image-575475\" src=\"https:\/\/www.europesays.com\/pt\/wp-content\/uploads\/2025\/12\/2d51fe4a0ba54894421ead1809309ed9-1-450x140.jpg\" alt=\"Subscreva a Newsletter ZAP\" width=\"450\" height=\"140\"\/>&#13;<br \/>\n    <\/a><\/p>\n<p>                <a href=\"https:\/\/whatsapp.com\/channel\/0029VaIC4EE2f3EJZPPSbR34\" data-wpel-link=\"external\" target=\"_blank\" rel=\"nofollow external noopener noreferrer\" class=\"ext-link\">&#13;<br \/>\n                    <img loading=\"lazy\" decoding=\"async\" class=\"aligncenter size-full wp-image-575475\" src=\"https:\/\/www.europesays.com\/pt\/wp-content\/uploads\/2025\/12\/c68c559d956d4ca20f435ed74a6e71e6.png\" alt=\"Siga-nos no WhatsApp\" width=\"175\" height=\"64\"\/>&#13;<br \/>\n                <\/a><\/p>\n<p>                <a href=\"https:\/\/news.google.com\/publications\/CAAiEHRwZondIV71PDjWNoqMduEqFAgKIhB0cGaJ3SFe9Tw41jaKjHbh?hl=en-US&amp;gl=US&amp;ceid=US%3Aen\" data-wpel-link=\"external\" target=\"_blank\" rel=\"nofollow external noopener noreferrer\" class=\"ext-link\">&#13;<br \/>\n                    <img loading=\"lazy\" decoding=\"async\" class=\"aligncenter size-full wp-image-575475\" src=\"https:\/\/www.europesays.com\/pt\/wp-content\/uploads\/2025\/12\/5123dd8b087b644fdb8f8603acd1bad4.png\" alt=\"Siga-nos no Google News\" width=\"176\" height=\"64\"\/>&#13;<br \/>\n                <\/a><\/p>\n","protected":false},"excerpt":{"rendered":"Andr\u00e9 Kosters \/ Lusa Tamb\u00e9m h\u00e1 a \u201cAngela Maryah\u201d, o \u201cE finalmente Apar\u00edcio\u201d, ou o \u201cPARaPR2026 \u2013 O&hellip;\n","protected":false},"author":2,"featured_media":182944,"comment_status":"","ping_status":"","sticky":false,"template":"","format":"standard","meta":{"footnotes":""},"categories":[10],"tags":[27,28,4056,2258,15,16,14,25,26,21,22,12,13,19,20,32,1076,23,24,33,17,18,29,30,31],"class_list":{"0":"post-182943","1":"post","2":"type-post","3":"status-publish","4":"format-standard","5":"has-post-thumbnail","7":"category-portugal","8":"tag-breaking-news","9":"tag-breakingnews","10":"tag-curiosidade","11":"tag-eleicoes","12":"tag-featured-news","13":"tag-featurednews","14":"tag-headlines","15":"tag-latest-news","16":"tag-latestnews","17":"tag-main-news","18":"tag-mainnews","19":"tag-news","20":"tag-noticias","21":"tag-noticias-principais","22":"tag-noticiasprincipais","23":"tag-portugal","24":"tag-presidenciais-2026","25":"tag-principais-noticias","26":"tag-principaisnoticias","27":"tag-pt","28":"tag-top-stories","29":"tag-topstories","30":"tag-ultimas","31":"tag-ultimas-noticias","32":"tag-ultimasnoticias"},"share_on_mastodon":{"url":"https:\/\/pubeurope.com\/@pt\/115696019001920693","error":""},"_links":{"self":[{"href":"https:\/\/www.europesays.com\/pt\/wp-json\/wp\/v2\/posts\/182943","targetHints":{"allow":["GET"]}}],"collection":[{"href":"https:\/\/www.europesays.com\/pt\/wp-json\/wp\/v2\/posts"}],"about":[{"href":"https:\/\/www.europesays.com\/pt\/wp-json\/wp\/v2\/types\/post"}],"author":[{"embeddable":true,"href":"https:\/\/www.europesays.com\/pt\/wp-json\/wp\/v2\/users\/2"}],"replies":[{"embeddable":true,"href":"https:\/\/www.europesays.com\/pt\/wp-json\/wp\/v2\/comments?post=182943"}],"version-history":[{"count":0,"href":"https:\/\/www.europesays.com\/pt\/wp-json\/wp\/v2\/posts\/182943\/revisions"}],"wp:featuredmedia":[{"embeddable":true,"href":"https:\/\/www.europesays.com\/pt\/wp-json\/wp\/v2\/media\/182944"}],"wp:attachment":[{"href":"https:\/\/www.europesays.com\/pt\/wp-json\/wp\/v2\/media?parent=182943"}],"wp:term":[{"taxonomy":"category","embeddable":true,"href":"https:\/\/www.europesays.com\/pt\/wp-json\/wp\/v2\/categories?post=182943"},{"taxonomy":"post_tag","embeddable":true,"href":"https:\/\/www.europesays.com\/pt\/wp-json\/wp\/v2\/tags?post=182943"}],"curies":[{"name":"wp","href":"https:\/\/api.w.org\/{rel}","templated":true}]}}