{"id":182949,"date":"2025-12-10T15:40:08","date_gmt":"2025-12-10T15:40:08","guid":{"rendered":"https:\/\/www.europesays.com\/pt\/182949\/"},"modified":"2025-12-10T15:40:08","modified_gmt":"2025-12-10T15:40:08","slug":"ladroes-do-louvre-escaparam-a-policia-por-30-segundos","status":"publish","type":"post","link":"https:\/\/www.europesays.com\/pt\/182949\/","title":{"rendered":"Ladr\u00f5es do Louvre escaparam \u00e0 pol\u00edcia por 30 segundos"},"content":{"rendered":"<p data-remotead-prev-elm=\"true\" data-remotead-elm-id=\"inread\">Um dos investigadores, Pascal Mignerey, destacou que uma c\u00e2mara externa &#8220;havia filmado claramente a chegada dos ladr\u00f5es, a instala\u00e7\u00e3o da plataforma elevat\u00f3ria, como dois ladr\u00f5es subiram at\u00e9 \u00e0 varanda e, alguns minutos mais tarde, a sua sa\u00edda precipitada&#8221;. No entanto, ningu\u00e9m estava a assistir a essas imagens ao vivo.<\/p>\n<p>Quando um agente de seguran\u00e7a ativou a visualiza\u00e7\u00e3o das c\u00e2maras, &#8220;j\u00e1 era tarde demais, uma vez que os ladr\u00f5es tinham deixado a galeria Apolo&#8221;, onde estavam as joias da Coroa roubadas, declarou No\u00ebl Corbin, diretor da Inspe\u00e7\u00e3o-Geral dos Assuntos Culturais, \u00e0 Comiss\u00e3o de Cultura do Senado franc\u00eas.<\/p>\n<p>Ap\u00f3s o roubo de oito joias do s\u00e9culo XIX, avaliadas em mais de 100 milh\u00f5es de d\u00f3lares (88 milh\u00f5es de euros), o Louvre teve de fechar uma das galerias devido a avarias.<\/p>\n<p>Al\u00e9m disso, os funcion\u00e1rios convocaram uma greve para exigir a cria\u00e7\u00e3o de novos postos de trabalho e prioridade \u00e0s obras mais urgentes.<\/p>\n","protected":false},"excerpt":{"rendered":"Um dos investigadores, Pascal Mignerey, destacou que uma c\u00e2mara externa &#8220;havia filmado claramente a chegada dos ladr\u00f5es, a&hellip;\n","protected":false},"author":2,"featured_media":182950,"comment_status":"","ping_status":"","sticky":false,"template":"","format":"standard","meta":{"footnotes":""},"categories":[144],"tags":[207,205,206,203,201,202,204,114,115,208,62,12926,2458,32,33],"class_list":{"0":"post-182949","1":"post","2":"type-post","3":"status-publish","4":"format-standard","5":"has-post-thumbnail","7":"category-arte-e-design","8":"tag-arte","9":"tag-arte-e-design","10":"tag-artedesign","11":"tag-arts","12":"tag-arts-and-design","13":"tag-artsanddesign","14":"tag-design","15":"tag-entertainment","16":"tag-entretenimento","17":"tag-franca","18":"tag-mundo","19":"tag-museu-do-louvre","20":"tag-paris","21":"tag-portugal","22":"tag-pt"},"share_on_mastodon":{"url":"https:\/\/pubeurope.com\/@pt\/115696030421547468","error":""},"_links":{"self":[{"href":"https:\/\/www.europesays.com\/pt\/wp-json\/wp\/v2\/posts\/182949","targetHints":{"allow":["GET"]}}],"collection":[{"href":"https:\/\/www.europesays.com\/pt\/wp-json\/wp\/v2\/posts"}],"about":[{"href":"https:\/\/www.europesays.com\/pt\/wp-json\/wp\/v2\/types\/post"}],"author":[{"embeddable":true,"href":"https:\/\/www.europesays.com\/pt\/wp-json\/wp\/v2\/users\/2"}],"replies":[{"embeddable":true,"href":"https:\/\/www.europesays.com\/pt\/wp-json\/wp\/v2\/comments?post=182949"}],"version-history":[{"count":0,"href":"https:\/\/www.europesays.com\/pt\/wp-json\/wp\/v2\/posts\/182949\/revisions"}],"wp:featuredmedia":[{"embeddable":true,"href":"https:\/\/www.europesays.com\/pt\/wp-json\/wp\/v2\/media\/182950"}],"wp:attachment":[{"href":"https:\/\/www.europesays.com\/pt\/wp-json\/wp\/v2\/media?parent=182949"}],"wp:term":[{"taxonomy":"category","embeddable":true,"href":"https:\/\/www.europesays.com\/pt\/wp-json\/wp\/v2\/categories?post=182949"},{"taxonomy":"post_tag","embeddable":true,"href":"https:\/\/www.europesays.com\/pt\/wp-json\/wp\/v2\/tags?post=182949"}],"curies":[{"name":"wp","href":"https:\/\/api.w.org\/{rel}","templated":true}]}}