{"id":182951,"date":"2025-12-10T15:42:28","date_gmt":"2025-12-10T15:42:28","guid":{"rendered":"https:\/\/www.europesays.com\/pt\/182951\/"},"modified":"2025-12-10T15:42:28","modified_gmt":"2025-12-10T15:42:28","slug":"casa-dos-segredos-confrontado-por-cristina-ferreira-fabio-revela-se-esta-farto-de-liliana","status":"publish","type":"post","link":"https:\/\/www.europesays.com\/pt\/182951\/","title":{"rendered":"Casa dos Segredos &#8211; Confrontado por Cristina Ferreira, F\u00e1bio revela se est\u00e1 farto de Liliana"},"content":{"rendered":"<p>O ambiente na Casa dos Segredos tem dado que falar <a href=\"https:\/\/www.novagente.pt\/casa-dos-segredos-relacao-perto-do-fim-alerta-de-liliana-fabio-nao-esta-tudo-bem\" rel=\"nofollow noopener\" target=\"_blank\">em torno do casal F\u00e1bio e Liliana<\/a>. O concorrente\u00a0acabou por ser chamado ao confession\u00e1rio no \u2018Especial\u2019 conduzido por <strong>Cristina Ferreira.<\/strong> Depois de um dia marcado por tens\u00f5es com a namorada, o concorrente enfrentou as perguntas da apresentadora&#8230; e n\u00e3o fugiu delas.<\/p>\n<p>Cristina quis ir ao cerne da rela\u00e7\u00e3o e lan\u00e7ou a quest\u00e3o que todos queriam ouvir: <strong>\u201cEst\u00e1 ou n\u00e3o est\u00e1 apaixonado pela Liliana?\u201d<\/strong>. Sem hesita\u00e7\u00f5es, F\u00e1bio confirmou que sim, deixando claro que os sentimentos continuam firmes.<\/p>\n<p>Cristina insistiu: <strong>\u201cEst\u00e1 ou n\u00e3o est\u00e1 farto da Liliana?\u201d<\/strong>. Desta vez, a resposta foi um categ\u00f3rico n\u00e3o, afastando qualquer ideia de cansa\u00e7o ou vontade de se afastar da concorrente.<\/p>\n<p>Determinando o rumo da rela\u00e7\u00e3o dentro e fora da casa, F\u00e1bio reafirmou a sua posi\u00e7\u00e3o e garantiu que n\u00e3o tem d\u00favidas sobre o futuro a dois. Confrontado com a pergunta sobre se Liliana ser\u00e1 uma presen\u00e7a permanente na sua vida, respondeu com esperan\u00e7a: <strong>\u201cEspero que sim\u201d.<\/strong><\/p>\n<p>Texto: Tiago Miguel Sim\u00f5es; Fotos: DR<\/p>\n<p class=\"intagram-text\">Siga a Nova Gente no Instagram<\/p>\n<p>                        <a href=\"https:\/\/www.instagram.com\/revistanovagente\/\" target=\"_blank\" aria-label=\"instagram\" rel=\"noopener nofollow\"><img decoding=\"async\" style=\"display: block; margin-left: auto; margin-right: auto; width: 250px; height: 83px;\" src=\"https:\/\/www.europesays.com\/pt\/wp-content\/uploads\/2025\/11\/Instagram_NG.png\" alt=\"instagram\"\/><\/a><br \/>\n                    <script async src=\"\/\/www.instagram.com\/embed.js\"><\/script><\/p>\n","protected":false},"excerpt":{"rendered":"O ambiente na Casa dos Segredos tem dado que falar em torno do casal F\u00e1bio e Liliana. O&hellip;\n","protected":false},"author":2,"featured_media":182952,"comment_status":"","ping_status":"","sticky":false,"template":"","format":"standard","meta":{"footnotes":""},"categories":[142],"tags":[2632,166,114,115,19082,19016,32,33,151,162],"class_list":{"0":"post-182951","1":"post","2":"type-post","3":"status-publish","4":"format-standard","5":"has-post-thumbnail","7":"category-tv","8":"tag-casa-dos-segredos","9":"tag-cristina-ferreira","10":"tag-entertainment","11":"tag-entretenimento","12":"tag-fabio","13":"tag-liliana","14":"tag-portugal","15":"tag-pt","16":"tag-tv","17":"tag-tvi"},"share_on_mastodon":{"url":"https:\/\/pubeurope.com\/@pt\/115696038627420288","error":""},"_links":{"self":[{"href":"https:\/\/www.europesays.com\/pt\/wp-json\/wp\/v2\/posts\/182951","targetHints":{"allow":["GET"]}}],"collection":[{"href":"https:\/\/www.europesays.com\/pt\/wp-json\/wp\/v2\/posts"}],"about":[{"href":"https:\/\/www.europesays.com\/pt\/wp-json\/wp\/v2\/types\/post"}],"author":[{"embeddable":true,"href":"https:\/\/www.europesays.com\/pt\/wp-json\/wp\/v2\/users\/2"}],"replies":[{"embeddable":true,"href":"https:\/\/www.europesays.com\/pt\/wp-json\/wp\/v2\/comments?post=182951"}],"version-history":[{"count":0,"href":"https:\/\/www.europesays.com\/pt\/wp-json\/wp\/v2\/posts\/182951\/revisions"}],"wp:featuredmedia":[{"embeddable":true,"href":"https:\/\/www.europesays.com\/pt\/wp-json\/wp\/v2\/media\/182952"}],"wp:attachment":[{"href":"https:\/\/www.europesays.com\/pt\/wp-json\/wp\/v2\/media?parent=182951"}],"wp:term":[{"taxonomy":"category","embeddable":true,"href":"https:\/\/www.europesays.com\/pt\/wp-json\/wp\/v2\/categories?post=182951"},{"taxonomy":"post_tag","embeddable":true,"href":"https:\/\/www.europesays.com\/pt\/wp-json\/wp\/v2\/tags?post=182951"}],"curies":[{"name":"wp","href":"https:\/\/api.w.org\/{rel}","templated":true}]}}