{"id":182957,"date":"2025-12-10T15:47:15","date_gmt":"2025-12-10T15:47:15","guid":{"rendered":"https:\/\/www.europesays.com\/pt\/182957\/"},"modified":"2025-12-10T15:47:15","modified_gmt":"2025-12-10T15:47:15","slug":"descoberta-muda-o-tratamento-da-prisao-de-ventre","status":"publish","type":"post","link":"https:\/\/www.europesays.com\/pt\/182957\/","title":{"rendered":"descoberta muda o tratamento da pris\u00e3o de ventre"},"content":{"rendered":"<p>                        <img width=\"944\" height=\"531\" src=\"https:\/\/www.europesays.com\/pt\/wp-content\/uploads\/2025\/12\/Dieta-para-constipacao-944x531.jpg\" class=\"attachment-custom-large size-custom-large article-featured-image\" alt=\"Uma silhueta humana com a regi\u00e3o abdominal iluminada em vermelho (sinalizando inflama\u00e7\u00e3o\/bloqueio).\" fetchpriority=\"high\" decoding=\"async\"  \/><\/p>\n<p>Pesquisa acompanhou h\u00e1bitos de milhares de pessoas e concluiu que o padr\u00e3o alimentar geral importa mais do que apenas ingerir fibras isoladas. (Foto: Reprodu\u00e7\u00e3o, Gemini)<\/p>\n<p>Se voc\u00ea sofre com intestino preso e acha que a solu\u00e7\u00e3o \u00e9 apenas aumentar a dose de fibras, a ci\u00eancia tem uma novidade importante. A constipa\u00e7\u00e3o cr\u00f4nica afeta muitas pessoas \u00e0 medida que envelhecem e pode prejudicar bastante o bem-estar.<\/p>\n<p>Continua depois da publicidade<\/p>\n<p>A alimenta\u00e7\u00e3o sempre teve papel importante nesse cen\u00e1rio, mas um estudo recente mostrou que o tipo de dieta adotado ao longo da vida influencia diretamente o risco de desenvolver o problema.<\/p>\n<p>Segundo o site americano Science Daily, manter h\u00e1bitos alimentares consistentes pode reduzir de forma significativa a pris\u00e3o de ventre prolongada.<\/p>\n<p>A pesquisa analisou mais de 96 mil participantes durante v\u00e1rios anos e relacionou seus padr\u00f5es alimentares ao surgimento de sintomas de constipa\u00e7\u00e3o por pelo menos 12 semanas.<\/p>\n<p>Continua depois da publicidade<\/p>\n<p>Foram avaliados cinco modelos de dieta: mediterr\u00e2nea, plant-based, low-carb, ocidental e inflamat\u00f3ria, permitindo uma compara\u00e7\u00e3o ampla entre diferentes comportamentos alimentares.<\/p>\n<p>Dietas mediterr\u00e2nea e plant-based associadas ao menor risco<\/p>\n<p>Os resultados mostraram que quem segue regularmente uma dieta mediterr\u00e2nea ou baseada em plantas apresenta menor probabilidade de enfrentar intestino preso.<\/p>\n<p>Esses padr\u00f5es alimentares fornecem um conjunto de nutrientes que, juntos, parecem proteger o funcionamento digestivo de forma mais eficiente.<\/p>\n<p>Continua depois da publicidade<\/p>\n<p>Em contraste, dietas do tipo ocidental ou inflamat\u00f3ria, com maior presen\u00e7a de alimentos processados e gorduras menos saud\u00e1veis, foram associadas ao aumento do risco.<\/p>\n<p>O estudo tamb\u00e9m destacou que o modelo low-carb n\u00e3o teve impacto significativo, indicando que reduzir carboidratos n\u00e3o \u00e9 suficiente para promover benef\u00edcios intestinais.<\/p>\n<p>Fibra \u00e9 importante, mas n\u00e3o explica tudo<\/p>\n<p>Durante muito tempo se acreditou que aumentar a ingest\u00e3o de fibras era o principal caminho para melhorar o tr\u00e2nsito intestinal.<\/p>\n<p>Continua depois da publicidade<\/p>\n<p>A pesquisa revelou que, embora essenciais, as fibras n\u00e3o s\u00e3o o \u00fanico elemento que contribui para prevenir a constipa\u00e7\u00e3o. A variedade de vegetais, gorduras boas e alimentos integrais tamb\u00e9m exerce influ\u00eancia relevante.<\/p>\n<p>Essa conclus\u00e3o refor\u00e7a a import\u00e2ncia de adotar um padr\u00e3o alimentar equilibrado ao longo do tempo, em vez de apostar em solu\u00e7\u00f5es isoladas.<\/p>\n<p>Comer de maneira variada, com foco na qualidade geral das refei\u00e7\u00f5es, tende a oferecer resultados melhores e mais est\u00e1veis para a sa\u00fade do intestino.<\/p>\n<p>Continua depois da publicidade<\/p>\n<p>Impacto do intestino preso no envelhecimento e no bem-estar geral<\/p>\n<p>O risco de constipa\u00e7\u00e3o aumenta com a idade, o que torna fundamental adotar h\u00e1bitos saud\u00e1veis ainda na meia-idade.<\/p>\n<p>A ades\u00e3o a uma dieta mediterr\u00e2nea ou plant-based pode funcionar como uma estrat\u00e9gia natural e duradoura para manter o intestino ativo e reduzir inc\u00f4modos no futuro.<\/p>\n<p>Os achados do estudo tamb\u00e9m ajudam profissionais de sa\u00fade a orientar pacientes de forma mais completa, mostrando que n\u00e3o basta recomendar apenas fibras.<\/p>\n<p>Continua depois da publicidade<\/p>\n<p>O conjunto da dieta \u00e9 determinante para manter o equil\u00edbrio intestinal, especialmente para pessoas mais velhas.<\/p>\n<p>Como adotar um padr\u00e3o alimentar mais protetor<\/p>\n<p>Para incorporar esses benef\u00edcios no dia a dia, vale priorizar alimentos naturais e variados, como frutas, verduras, legumes, leguminosas, castanhas, azeite e cereais integrais.<\/p>\n<p>Reduzir o consumo de itens ultraprocessados e comidas muito gordurosas ou a\u00e7ucaradas tamb\u00e9m faz diferen\u00e7a.<\/p>\n<p>Continua depois da publicidade<\/p>\n<p>A const\u00e2ncia nas escolhas alimentares ao longo dos anos \u00e9 o que realmente contribui para um intestino mais saud\u00e1vel e para a melhora do bem-estar geral.<\/p>\n<p>O que devo comer para limpar o intestino1<\/p>\n<p>VoltarAvan\u00e7ar<\/p>\n<p><img loading=\"lazy\" decoding=\"async\" width=\"1200\" height=\"675\" data-id=\"7243188\" src=\"https:\/\/www.europesays.com\/pt\/wp-content\/uploads\/2025\/12\/A-laranja-e-uma-boa-aposta-de-alimento-para-limpar-o-intestino_Banco-de-Imagens.jpg\" alt=\"\" class=\"wp-image-7243188\"  \/><\/p>\n<p>A laranja \u00e9 uma boa aposta de alimento para limpar o intestino (Foto: Banco de Imagens)<\/p>\n<p><img loading=\"lazy\" decoding=\"async\" width=\"1200\" height=\"675\" data-id=\"7243187\" src=\"https:\/\/www.europesays.com\/pt\/wp-content\/uploads\/2025\/12\/Assim-como-as-macas_Banco-de-Imagens.jpg\" alt=\"\" class=\"wp-image-7243187\"  \/><\/p>\n<p>Assim como as ma\u00e7\u00e3s (Foto: Banco de Imagens)<\/p>\n<p><img loading=\"lazy\" decoding=\"async\" width=\"1200\" height=\"675\" data-id=\"7243186\" src=\"https:\/\/www.europesays.com\/pt\/wp-content\/uploads\/2025\/12\/E-tambem-o-abacaxi_Banco-de-Imagens.jpg\" alt=\"\" class=\"wp-image-7243186\"  \/><\/p>\n<p>E tamb\u00e9m o abacaxi (Foto: Banco de Imagens)<\/p>\n<p><img loading=\"lazy\" decoding=\"async\" width=\"1200\" height=\"675\" data-id=\"7244570\" src=\"https:\/\/www.europesays.com\/pt\/wp-content\/uploads\/2025\/12\/Os-cereais-tambem-auxiliam-no-processo-Foto-Banco-de-Imagens.jpg\" alt=\"\" class=\"wp-image-7244570\"  \/><\/p>\n<p>Os cereais tamb\u00e9m auxiliam no processo (Foto: Banco de Imagens)<\/p>\n<p><img loading=\"lazy\" decoding=\"async\" width=\"1200\" height=\"675\" data-id=\"7243189\" src=\"https:\/\/www.europesays.com\/pt\/wp-content\/uploads\/2025\/12\/Iogurtes-tambem-sao-boas-pedidas-para-um-melhor-cuidado-intestinal_Banco-de-Imagens.jpg\" alt=\"\" class=\"wp-image-7243189\"  \/><\/p>\n<p>Iogurtes tamb\u00e9m s\u00e3o boas pedidas para um melhor cuidado intestinal (Foto: Banco de Imagens)<\/p>\n<p>Voc\u00ea pode se interessar tamb\u00e9m em saber se <a href=\"https:\/\/www.nsctotal.com.br\/noticias\/banha-de-porco-e-vila-ou-mocinha-medico-esclarece-polemica-antiga-e-compara-com-oleos-vegetais\" rel=\"nofollow noopener\" target=\"_blank\"><strong>banha de porco \u00e9 vil\u00e3 ou mocinha? M\u00e9dico esclarece pol\u00eamica antiga e compara com \u00f3leos vegetais<\/strong><\/a>, ou ent\u00e3o que <strong><a href=\"https:\/\/www.nsctotal.com.br\/noticias\/nao-e-estresse-o-sintoma-silencioso-da-deficiencia-de-b12\" target=\"_blank\" rel=\"noreferrer noopener nofollow\">n\u00e3o \u00e9 estresse: o sintoma \u201csilencioso\u201d da defici\u00eancia de B12<\/a><\/strong>.<\/p>\n","protected":false},"excerpt":{"rendered":"Pesquisa acompanhou h\u00e1bitos de milhares de pessoas e concluiu que o padr\u00e3o alimentar geral importa mais do que&hellip;\n","protected":false},"author":2,"featured_media":182958,"comment_status":"","ping_status":"","sticky":false,"template":"","format":"standard","meta":{"footnotes":""},"categories":[86],"tags":[116,32,33,117,794],"class_list":{"0":"post-182957","1":"post","2":"type-post","3":"status-publish","4":"format-standard","5":"has-post-thumbnail","7":"category-saude","8":"tag-health","9":"tag-portugal","10":"tag-pt","11":"tag-saude","12":"tag-voce-viu"},"share_on_mastodon":{"url":"https:\/\/pubeurope.com\/@pt\/115696058564207862","error":""},"_links":{"self":[{"href":"https:\/\/www.europesays.com\/pt\/wp-json\/wp\/v2\/posts\/182957","targetHints":{"allow":["GET"]}}],"collection":[{"href":"https:\/\/www.europesays.com\/pt\/wp-json\/wp\/v2\/posts"}],"about":[{"href":"https:\/\/www.europesays.com\/pt\/wp-json\/wp\/v2\/types\/post"}],"author":[{"embeddable":true,"href":"https:\/\/www.europesays.com\/pt\/wp-json\/wp\/v2\/users\/2"}],"replies":[{"embeddable":true,"href":"https:\/\/www.europesays.com\/pt\/wp-json\/wp\/v2\/comments?post=182957"}],"version-history":[{"count":0,"href":"https:\/\/www.europesays.com\/pt\/wp-json\/wp\/v2\/posts\/182957\/revisions"}],"wp:featuredmedia":[{"embeddable":true,"href":"https:\/\/www.europesays.com\/pt\/wp-json\/wp\/v2\/media\/182958"}],"wp:attachment":[{"href":"https:\/\/www.europesays.com\/pt\/wp-json\/wp\/v2\/media?parent=182957"}],"wp:term":[{"taxonomy":"category","embeddable":true,"href":"https:\/\/www.europesays.com\/pt\/wp-json\/wp\/v2\/categories?post=182957"},{"taxonomy":"post_tag","embeddable":true,"href":"https:\/\/www.europesays.com\/pt\/wp-json\/wp\/v2\/tags?post=182957"}],"curies":[{"name":"wp","href":"https:\/\/api.w.org\/{rel}","templated":true}]}}