{"id":182965,"date":"2025-12-10T15:55:13","date_gmt":"2025-12-10T15:55:13","guid":{"rendered":"https:\/\/www.europesays.com\/pt\/182965\/"},"modified":"2025-12-10T15:55:13","modified_gmt":"2025-12-10T15:55:13","slug":"sindicato-dos-enfermeiros-confirma-buscas-policiais-na-sua-sede-no-porto","status":"publish","type":"post","link":"https:\/\/www.europesays.com\/pt\/182965\/","title":{"rendered":"Sindicato dos Enfermeiros confirma buscas policiais na sua sede, no Porto"},"content":{"rendered":"<p>                Em comunicado, <b>o sindicato confirma que a sede &#8220;foi alvo de buscas&#8221; por parte do Departamento de Investiga\u00e7\u00e3o e A\u00e7\u00e3o Penal (DIAP), no \u00e2mbito de um processo que incide &#8220;sobre a atua\u00e7\u00e3o da anterior Dire\u00e7\u00e3o, ent\u00e3o presidida pelo enfermeiro Pedro Costa&#8221;.<\/b><\/p>\n<p>&#13;<br \/>\nA dire\u00e7\u00e3o acrescenta que est\u00e1 dispon\u00edvel para colaborar com as dilig\u00eancias das autoridades judiciais, &#8220;facultando toda a documenta\u00e7\u00e3o que contribua para o apuramento da verdade dos factos&#8221;.&#13;\n<\/p>\n<p>&#13;<br \/>\n<b>Caso se comprove que o SE foi lesado, &#8220;a atual dire\u00e7\u00e3o pretende ser ressarcida pelos eventuais culpados&#8221;.<\/b>&#13;\n<\/p>\n<p>&#13;<br \/>\nAinda no mesmo comunicado, a dire\u00e7\u00e3o do SE lamenta esta situa\u00e7\u00e3o, assegurando aos seus associados &#8220;o normal funcionamento&#8221; da estrutura sindical.\u00a0&#13;\n<\/p>\n<p>          <img decoding=\"async\" itemprop=\"image\" class=\"img-fluid\"   src=\"https:\/\/www.europesays.com\/pt\/wp-content\/uploads\/2025\/12\/cb2b4cc661ecaf373d5dec48d84ac0fc_N.jpg\"\/><\/p>\n<p>\nEm causa est\u00e3o gastos com compras pessoais, almo\u00e7os e jantares e at\u00e9 f\u00e9rias em fam\u00edlia com o cart\u00e3o Multibanco da estrutura sindical. <\/p>\n<p>&#13;<br \/>\n<b>Ao que a RTP apurou, as autoridades tamb\u00e9m fizeram buscas em casa do ex-presidente. <\/b>&#13;\n<\/p>\n<p>\nPedro Costa ter\u00e1 feito levantamentos sucessivos com o cart\u00e3o do sindicato para gastos pessoais que depois imputava \u00e0 estrutura. <\/p>\n","protected":false},"excerpt":{"rendered":"Em comunicado, o sindicato confirma que a sede &#8220;foi alvo de buscas&#8221; por parte do Departamento de Investiga\u00e7\u00e3o&hellip;\n","protected":false},"author":2,"featured_media":182764,"comment_status":"","ping_status":"","sticky":false,"template":"","format":"standard","meta":{"footnotes":""},"categories":[10],"tags":[27,28,6031,15,16,14,25,26,21,22,12,13,19,20,37315,32,23,24,1306,33,37314,17,18,29,30,31],"class_list":{"0":"post-182965","1":"post","2":"type-post","3":"status-publish","4":"format-standard","5":"has-post-thumbnail","7":"category-portugal","8":"tag-breaking-news","9":"tag-breakingnews","10":"tag-buscas","11":"tag-featured-news","12":"tag-featurednews","13":"tag-headlines","14":"tag-latest-news","15":"tag-latestnews","16":"tag-main-news","17":"tag-mainnews","18":"tag-news","19":"tag-noticias","20":"tag-noticias-principais","21":"tag-noticiasprincipais","22":"tag-pedro-costa","23":"tag-portugal","24":"tag-principais-noticias","25":"tag-principaisnoticias","26":"tag-psp","27":"tag-pt","28":"tag-sindicato-dos-enfermeiros","29":"tag-top-stories","30":"tag-topstories","31":"tag-ultimas","32":"tag-ultimas-noticias","33":"tag-ultimasnoticias"},"share_on_mastodon":{"url":"https:\/\/pubeurope.com\/@pt\/115696089963557654","error":""},"_links":{"self":[{"href":"https:\/\/www.europesays.com\/pt\/wp-json\/wp\/v2\/posts\/182965","targetHints":{"allow":["GET"]}}],"collection":[{"href":"https:\/\/www.europesays.com\/pt\/wp-json\/wp\/v2\/posts"}],"about":[{"href":"https:\/\/www.europesays.com\/pt\/wp-json\/wp\/v2\/types\/post"}],"author":[{"embeddable":true,"href":"https:\/\/www.europesays.com\/pt\/wp-json\/wp\/v2\/users\/2"}],"replies":[{"embeddable":true,"href":"https:\/\/www.europesays.com\/pt\/wp-json\/wp\/v2\/comments?post=182965"}],"version-history":[{"count":0,"href":"https:\/\/www.europesays.com\/pt\/wp-json\/wp\/v2\/posts\/182965\/revisions"}],"wp:featuredmedia":[{"embeddable":true,"href":"https:\/\/www.europesays.com\/pt\/wp-json\/wp\/v2\/media\/182764"}],"wp:attachment":[{"href":"https:\/\/www.europesays.com\/pt\/wp-json\/wp\/v2\/media?parent=182965"}],"wp:term":[{"taxonomy":"category","embeddable":true,"href":"https:\/\/www.europesays.com\/pt\/wp-json\/wp\/v2\/categories?post=182965"},{"taxonomy":"post_tag","embeddable":true,"href":"https:\/\/www.europesays.com\/pt\/wp-json\/wp\/v2\/tags?post=182965"}],"curies":[{"name":"wp","href":"https:\/\/api.w.org\/{rel}","templated":true}]}}