{"id":182966,"date":"2025-12-10T15:56:13","date_gmt":"2025-12-10T15:56:13","guid":{"rendered":"https:\/\/www.europesays.com\/pt\/182966\/"},"modified":"2025-12-10T15:56:13","modified_gmt":"2025-12-10T15:56:13","slug":"balde-se-a-greve-geral-vem-ai-3000-euros-de-salario-medio","status":"publish","type":"post","link":"https:\/\/www.europesays.com\/pt\/182966\/","title":{"rendered":"Balde-se \u00e0 greve geral. V\u00eam a\u00ed 3000 euros de sal\u00e1rio m\u00e9dio&#8230;"},"content":{"rendered":"<p>A vidinha n\u00e3o \u00e9 o C\u00e9u e com a greve geral \u00e9 um inferno. Montenegro arriscou um leil\u00e3o de metas salariais mir\u00edficas. At\u00e9 ver, s\u00f3 conseguiu embatucar os patr\u00f5es<\/p>\n<p>TIAGO MIRANDA<\/p>\n<p>Caro leitor,<\/p>\n<p>A AD tem sido muito mais ousada na iniciativa pol\u00edtica do que os tr\u00eas \u00faltimos Governos PS, mas, na arte de dar a volta ao texto, n\u00e3o h\u00e1 volta a dar: Luis Montenegro lembra mesmo Ant\u00f3nio Costa. Na verdade, come\u00e7a por lembrar Ant\u00f3nio Guterres, quando o ex-primeiro-ministro socialista passava tanto tempo fora do pa\u00eds a responder a solicita\u00e7\u00f5es europeias que deixava Jorge Coelho, seu n\u00ba 2 e eterno bra\u00e7o direito, em palpos de aranha. &#8220;Guterres vai retomar a rela\u00e7\u00e3o normal com o pa\u00eds&#8221;, chegou Coelho a prometer, quase em desespero de causa, numa edi\u00e7\u00e3o do Expresso. Mas isso foi h\u00e1 muitos anos, quando conciliar a vida c\u00e1 dentro com a vida l\u00e1 fora ainda era coisa pouco oleada. Hoje, isto anda tudo t\u00e3o ligado que \u00e9 impens\u00e1vel um n\u00ba 2 de um primeiro-ministro queixar-se das aus\u00eancias do chefe, embora, quando o calor aperta, l\u00e1 venha o chefe apagar o fogo. <strong>Costa foi sempre ex\u00edmio nisso, mesmo quando j\u00e1 tinha meia cabe\u00e7a e todo o cora\u00e7\u00e3o em Bruxelas. E Montenegro n\u00e3o lhe fica atr\u00e1s na arte (talvez of\u00edcio) de encantar serpentes.<\/strong><\/p>\n<p><a href=\"https:\/\/expresso.pt\/subscrever?action=GEN&amp;channel=BAF&amp;type=CAP&amp;source=WEB&amp;returnUrl=https:\/\/expresso.pt\/newsletters\/a-vida-e-vil\/2025-12-10-balde-se-a-greve-geral.-vem-ai-3000-euros-de-salario-medio-ce3e88fe&amp;utm_source=expresso&amp;utm_medium=locked_article&amp;locked=true&amp;article_id=6cfbe6f9-a027-4c82-838c-3b02324315bf&amp;author_id=\u00c2ngela+Silva&amp;category=A+vida+\u00e9+vil\" target=\"_self\" class=\"\" rel=\"nofollow noopener\">Subscrever<\/a>J\u00e1 \u00e9 Subscritor?Fa\u00e7a login e continue a ler<a href=\"http:\/\/expresso.pt\/codigo?redirectUrl=https:\/\/expresso.pt\/newsletters\/a-vida-e-vil\/2025-12-10-balde-se-a-greve-geral.-vem-ai-3000-euros-de-salario-medio-ce3e88fe\" target=\"_self\" class=\"\" rel=\"nofollow noopener\">Inserir C\u00f3digo<\/a>Comprou o Expresso?Insira o c\u00f3digo presente na Revista E para continuar a ler<\/p>\n","protected":false},"excerpt":{"rendered":"A vidinha n\u00e3o \u00e9 o C\u00e9u e com a greve geral \u00e9 um inferno. Montenegro arriscou um leil\u00e3o&hellip;\n","protected":false},"author":2,"featured_media":75400,"comment_status":"","ping_status":"","sticky":false,"template":"","format":"standard","meta":{"footnotes":""},"categories":[8],"tags":[27,28,15,16,14,25,26,21,22,12,13,19,20,32,23,24,33,17,18,29,30,31],"class_list":{"0":"post-182966","1":"post","2":"type-post","3":"status-publish","4":"format-standard","5":"has-post-thumbnail","7":"category-principais-noticias","8":"tag-breaking-news","9":"tag-breakingnews","10":"tag-featured-news","11":"tag-featurednews","12":"tag-headlines","13":"tag-latest-news","14":"tag-latestnews","15":"tag-main-news","16":"tag-mainnews","17":"tag-news","18":"tag-noticias","19":"tag-noticias-principais","20":"tag-noticiasprincipais","21":"tag-portugal","22":"tag-principais-noticias","23":"tag-principaisnoticias","24":"tag-pt","25":"tag-top-stories","26":"tag-topstories","27":"tag-ultimas","28":"tag-ultimas-noticias","29":"tag-ultimasnoticias"},"share_on_mastodon":{"url":"https:\/\/pubeurope.com\/@pt\/115696093758757309","error":""},"_links":{"self":[{"href":"https:\/\/www.europesays.com\/pt\/wp-json\/wp\/v2\/posts\/182966","targetHints":{"allow":["GET"]}}],"collection":[{"href":"https:\/\/www.europesays.com\/pt\/wp-json\/wp\/v2\/posts"}],"about":[{"href":"https:\/\/www.europesays.com\/pt\/wp-json\/wp\/v2\/types\/post"}],"author":[{"embeddable":true,"href":"https:\/\/www.europesays.com\/pt\/wp-json\/wp\/v2\/users\/2"}],"replies":[{"embeddable":true,"href":"https:\/\/www.europesays.com\/pt\/wp-json\/wp\/v2\/comments?post=182966"}],"version-history":[{"count":0,"href":"https:\/\/www.europesays.com\/pt\/wp-json\/wp\/v2\/posts\/182966\/revisions"}],"wp:featuredmedia":[{"embeddable":true,"href":"https:\/\/www.europesays.com\/pt\/wp-json\/wp\/v2\/media\/75400"}],"wp:attachment":[{"href":"https:\/\/www.europesays.com\/pt\/wp-json\/wp\/v2\/media?parent=182966"}],"wp:term":[{"taxonomy":"category","embeddable":true,"href":"https:\/\/www.europesays.com\/pt\/wp-json\/wp\/v2\/categories?post=182966"},{"taxonomy":"post_tag","embeddable":true,"href":"https:\/\/www.europesays.com\/pt\/wp-json\/wp\/v2\/tags?post=182966"}],"curies":[{"name":"wp","href":"https:\/\/api.w.org\/{rel}","templated":true}]}}