{"id":182975,"date":"2025-12-10T16:09:12","date_gmt":"2025-12-10T16:09:12","guid":{"rendered":"https:\/\/www.europesays.com\/pt\/182975\/"},"modified":"2025-12-10T16:09:12","modified_gmt":"2025-12-10T16:09:12","slug":"esperma-de-doador-com-gene-causador-de-cancro-gerou-quase-200-criancas-na-europa","status":"publish","type":"post","link":"https:\/\/www.europesays.com\/pt\/182975\/","title":{"rendered":"Esperma de doador com gene causador de cancro gerou quase 200 crian\u00e7as na Europa"},"content":{"rendered":"<p data-remotead-prev-elm=\"true\" data-remotead-elm-id=\"inread\">&#8220;Pelo menos 197 crian\u00e7as nasceram gra\u00e7as ao esperma de um doador dinamarqu\u00eas an\u00f3nimo que usava o pseud\u00f3nimo Kjeld, antes de o banco de esperma descobrir uma grave anomalia gen\u00e9tica&#8221;, informou a emissora p\u00fablica dinamarqueca DR.<\/p>\n<p>Segundo a investiga\u00e7\u00e3o, conduzida por 14 emissoras p\u00fablicas, o esperma era de um homem que foi pago pela doa\u00e7\u00e3o enquanto era estudante, a partir de 2005. O esperma foi usado por 67 cl\u00ednicas de fertiliza\u00e7\u00e3o em 14 pa\u00edses durante cerca de 17 anos. Embora tenha passado por exames de triagem para a doa\u00e7\u00e3o, que revelaram que era saud\u00e1vel, o ADN de algumas das suas c\u00e9lulas sofreu muta\u00e7\u00e3o antes do seu nascimento, danificando o gene TP53, que desempenha um papel crucial na preven\u00e7\u00e3o da transforma\u00e7\u00e3o das c\u00e9lulas saud\u00e1veis do corpo em c\u00e9lulas cancerosas.<\/p>\n<blockquote data-type=\"articles\" data-id=\"related-article-17756395\"><p>\n              <strong>Leia tamb\u00e9m <\/strong><br \/>\n              <a href=\"https:\/\/www.jn.pt\/mundo\/artigo\/esperma-de-dador-com-risco-de-cancro-usado-para-conceber-pelo-menos-67-criancas-na-europa\/17756395\" rel=\"nofollow noopener\" target=\"_blank\">Esperma de dador com risco de cancro usado para conceber pelo menos 67 crian\u00e7as na Europa<\/a>\n            <\/p><\/blockquote>\n<p>A maior parte do corpo do doador n\u00e3o cont\u00e9m a forma perigosa do gene TP53, mas at\u00e9 20% dos espermatozoides sim. No entanto, <strong>qualquer crian\u00e7a concebida com espermatozoides afetados apresentar\u00e1 a muta\u00e7\u00e3o em todas as c\u00e9lulas do corpo.<\/strong><\/p>\n<p data-remotead-prev-elm=\"true\" data-remotead-elm-id=\"centro1\">Esta condi\u00e7\u00e3o, conhecida como s\u00edndrome de Li-Fraumeni, apresenta uma<strong> probabilidade de at\u00e9 90% de desenvolver cancro<\/strong>, principalmente durante a inf\u00e2ncia, bem como cancro da mama na idade adulta, e obriga a fazer exames de resson\u00e2ncia magn\u00e9tica do corpo e do c\u00e9rebro anualmente, bem como ultrassonografias abdominais, para tentar detetar tumores. Muitas mulheres optam pela remo\u00e7\u00e3o do peito para diminuir o risco de cancro.<\/p>\n<p>O Banco Europeu de S\u00e9men da Dinamarca, um dos maiores do Mundo, foi alertado em abril de 2020 que uma crian\u00e7a concebida por doa\u00e7\u00e3o e diagnosticada com cancro apresentava uma muta\u00e7\u00e3o gen\u00e9tica. Em seguida, foi analisada uma amostra do esperma do doador, mas o exame n\u00e3o detetou a rara muta\u00e7\u00e3o TP53. As vendas do esperma, que haviam sido suspensas durante os testes, foram retomadas em seguida.<\/p>\n<p>Tr\u00eas anos depois, o banco de esperma foi informado de pelo menos uma outra crian\u00e7a concebida a partir de uma doa\u00e7\u00e3o com a muta\u00e7\u00e3o que desenvolveu cancro. Foram testadas diversas amostras, que mostraram que o doador era portador do gene, embora estivesse saud\u00e1vel. O uso do esperma foi bloqueado no final de outubro de 2023.<\/p>\n<blockquote data-type=\"articles\" data-id=\"related-article-17766635\"><p>\n              <strong>Leia tamb\u00e9m <\/strong><br \/>\n              <a href=\"https:\/\/www.jn.pt\/mundo\/artigo\/polemica-nos-paises-baixos-dezenas-de-dadores-de-esperma-geraram-pelo-menos-25-filhos\/17766635\" rel=\"nofollow noopener\" target=\"_blank\">Pol\u00e9mica nos Pa\u00edses Baixos: dezenas de dadores de esperma geraram pelo menos 25 filhos<\/a>\n            <\/p><\/blockquote>\n<p data-remotead-prev-elm=\"true\" data-remotead-elm-id=\"centro2\">Algumas crian\u00e7as concebidas com o esperma do homem j\u00e1 morreram e apenas uma minoria que herda a muta\u00e7\u00e3o escapar\u00e1 do cancro durante a vida. Os m\u00e9dicos que trataram as crian\u00e7as com cancro<a href=\"https:\/\/www.jn.pt\/mundo\/artigo\/esperma-de-dador-com-risco-de-cancro-usado-para-conceber-pelo-menos-67-criancas-na-europa\/17756395\" target=\"_blank\" rel=\"nofollow noopener\"> encontraram 23 casos da variante gen\u00e9tica num total de 67 crian\u00e7as<\/a> conhecidas at\u00e9 ent\u00e3o. Dez delas<strong> j\u00e1 tinham sido diagnosticadas com cancro. <\/strong><\/p>\n<p>O Banco Europeu de S\u00e9men da Dinamarca, que vendeu o esperma entre 2006 e 2022, admitiu que o esperma foi usado para gerar um n\u00famero excessivo de beb\u00e9s em alguns pa\u00edses. Segundo a mesma fonte, &#8220;o pr\u00f3prio doador e os seus familiares n\u00e3o est\u00e3o doentes&#8221; e a muta\u00e7\u00e3o &#8220;n\u00e3o \u00e9 detetada preventivamente por exames gen\u00e9ticos&#8221;. O uso do esperma foi bloqueado no final de outubro de 2023.<\/p>\n<p>O esc\u00e2ndalo exp\u00f4s aparentes viola\u00e7\u00f5es da lei belga, que desde 2007 limita o s\u00e9men de um \u00fanico dador a, no m\u00e1ximo, seis mulheres. Uma revis\u00e3o interna identificou 37 fam\u00edlias afetadas na B\u00e9lgica, resultando em 52 nascimentos.<\/p>\n<p data-remotead-prev-elm=\"true\" data-remotead-elm-id=\"centro3\">O s\u00e9men do doador tamb\u00e9m ter\u00e1 sido utilizado em pa\u00edses como Bulg\u00e1ria, Chipre, Alemanha, Espanha, Hungria, Irlanda, Gr\u00e9cia, Pa\u00edses Baixos e Pol\u00f3nia.<\/p>\n<p>Muitos pa\u00edses europeus t\u00eam regulamentos que limitam o n\u00famero de filhos por doador, mas n\u00e3o existem regulamentos internacionais que regulem o n\u00famero de filhos que um doador pode gerar al\u00e9m-fronteiras. No final de 2022, o Banco Europeu de S\u00e9men, que participou no nascimento de mais de 70 mil crian\u00e7as em todo o Mundo ao longo de duas d\u00e9cadas, estabeleceu um limite m\u00e1ximo de 75 fam\u00edlias por doador.<\/p>\n","protected":false},"excerpt":{"rendered":"&#8220;Pelo menos 197 crian\u00e7as nasceram gra\u00e7as ao esperma de um doador dinamarqu\u00eas an\u00f3nimo que usava o pseud\u00f3nimo Kjeld,&hellip;\n","protected":false},"author":2,"featured_media":182976,"comment_status":"","ping_status":"","sticky":false,"template":"","format":"standard","meta":{"footnotes":""},"categories":[50],"tags":[27,28,1207,4639,11719,445,15,16,2217,14,25,26,21,22,62,12,13,19,20,23,24,17,18,29,30,31,63,64,65],"class_list":{"0":"post-182975","1":"post","2":"type-post","3":"status-publish","4":"format-standard","5":"has-post-thumbnail","7":"category-mundo","8":"tag-breaking-news","9":"tag-breakingnews","10":"tag-cancro","11":"tag-dinamarca","12":"tag-esperma","13":"tag-europa","14":"tag-featured-news","15":"tag-featurednews","16":"tag-genetica","17":"tag-headlines","18":"tag-latest-news","19":"tag-latestnews","20":"tag-main-news","21":"tag-mainnews","22":"tag-mundo","23":"tag-news","24":"tag-noticias","25":"tag-noticias-principais","26":"tag-noticiasprincipais","27":"tag-principais-noticias","28":"tag-principaisnoticias","29":"tag-top-stories","30":"tag-topstories","31":"tag-ultimas","32":"tag-ultimas-noticias","33":"tag-ultimasnoticias","34":"tag-world","35":"tag-world-news","36":"tag-worldnews"},"share_on_mastodon":{"url":"https:\/\/pubeurope.com\/@pt\/115696144571718791","error":""},"_links":{"self":[{"href":"https:\/\/www.europesays.com\/pt\/wp-json\/wp\/v2\/posts\/182975","targetHints":{"allow":["GET"]}}],"collection":[{"href":"https:\/\/www.europesays.com\/pt\/wp-json\/wp\/v2\/posts"}],"about":[{"href":"https:\/\/www.europesays.com\/pt\/wp-json\/wp\/v2\/types\/post"}],"author":[{"embeddable":true,"href":"https:\/\/www.europesays.com\/pt\/wp-json\/wp\/v2\/users\/2"}],"replies":[{"embeddable":true,"href":"https:\/\/www.europesays.com\/pt\/wp-json\/wp\/v2\/comments?post=182975"}],"version-history":[{"count":0,"href":"https:\/\/www.europesays.com\/pt\/wp-json\/wp\/v2\/posts\/182975\/revisions"}],"wp:featuredmedia":[{"embeddable":true,"href":"https:\/\/www.europesays.com\/pt\/wp-json\/wp\/v2\/media\/182976"}],"wp:attachment":[{"href":"https:\/\/www.europesays.com\/pt\/wp-json\/wp\/v2\/media?parent=182975"}],"wp:term":[{"taxonomy":"category","embeddable":true,"href":"https:\/\/www.europesays.com\/pt\/wp-json\/wp\/v2\/categories?post=182975"},{"taxonomy":"post_tag","embeddable":true,"href":"https:\/\/www.europesays.com\/pt\/wp-json\/wp\/v2\/tags?post=182975"}],"curies":[{"name":"wp","href":"https:\/\/api.w.org\/{rel}","templated":true}]}}