{"id":182979,"date":"2025-12-10T16:11:07","date_gmt":"2025-12-10T16:11:07","guid":{"rendered":"https:\/\/www.europesays.com\/pt\/182979\/"},"modified":"2025-12-10T16:11:07","modified_gmt":"2025-12-10T16:11:07","slug":"dylan-revela-planos-para-o-futuro-com-ines-e-volta-a-atirar-se-a-producao-do-secret-story","status":"publish","type":"post","link":"https:\/\/www.europesays.com\/pt\/182979\/","title":{"rendered":"Dylan revela planos para o futuro com In\u00eas e volta a atirar-se \u00e0 produ\u00e7\u00e3o do Secret Story"},"content":{"rendered":"<p>\t\t\t\t\t\t\t\t\t\t\t\t<a href=\"#\" onclick=\"window.open('http:\/\/www.facebook.com\/sharer.php?u=https:\/\/cusquices.com\/dylan-revela-planos-para-o-futuro-com-ines-e-volta-a-atirar-se-a-producao-do-secret-story\/&amp;t=Dylan revela planos para o futuro com In\u00eas e volta a atirar-se \u00e0 produ\u00e7\u00e3o do Secret Story', 'facebookShare', 'width=626,height=436'); return false;\" title=\"Share on Facebook\"><\/p>\n<p>Share<\/p>\n<p><\/a><br \/>\n\t\t\t\t\t\t\t\t\t\t\t\t<a href=\"#\" onclick=\"window.open('http:\/\/twitter.com\/share?text=Dylan revela planos para o futuro com In\u00eas e volta a atirar-se \u00e0 produ\u00e7\u00e3o do Secret Story -&amp;url=https:\/\/cusquices.com\/dylan-revela-planos-para-o-futuro-com-ines-e-volta-a-atirar-se-a-producao-do-secret-story\/', 'twitterShare', 'width=626,height=436'); return false;\" title=\"Tweet This Post\"><\/p>\n<p>Tweet<\/p>\n<p><\/a><br \/>\n\t\t\t\t\t\t\t\t\t\t\t\t<a href=\"whatsapp:\/\/send?text=Dylan revela planos para o futuro com In\u00eas e volta a atirar-se \u00e0 produ\u00e7\u00e3o do Secret Story https:\/\/cusquices.com\/dylan-revela-planos-para-o-futuro-com-ines-e-volta-a-atirar-se-a-producao-do-secret-story\/\" rel=\"nofollow\"><\/p>\n<p>Share<\/p>\n<p><\/a><br \/>\n\t\t\t\t\t\t\t\t\t\t\t\t<a href=\"#\" onclick=\"window.open('http:\/\/pinterest.com\/pin\/create\/button\/?url=https:\/\/cusquices.com\/dylan-revela-planos-para-o-futuro-com-ines-e-volta-a-atirar-se-a-producao-do-secret-story\/&amp;media=https:\/\/cusquices.com\/wp-content\/uploads\/2025\/11\/dylanines-1000x600.png&amp;description=Dylan revela planos para o futuro com In\u00eas e volta a atirar-se \u00e0 produ\u00e7\u00e3o do Secret Story', 'pinterestShare', 'width=750,height=350'); return false;\" title=\"Pin This Post\"><\/p>\n<p>Share<\/p>\n<p><\/a><br \/>\n\t\t\t\t\t\t\t\t\t\t\t\t<a href=\"mailto:?subject=Dylan revela planos para o futuro com In\u00eas e volta a atirar-se \u00e0 produ\u00e7\u00e3o do Secret Story&amp;BODY=I found this article interesting and thought of sharing it with you. Check it out: https:\/\/cusquices.com\/dylan-revela-planos-para-o-futuro-com-ines-e-volta-a-atirar-se-a-producao-do-secret-story\/\"><\/p>\n<p>Email<\/p>\n<p><\/a><br \/>\n\t\t\t\t\t\t\t\t\t\t\t\t\t\t\t\t\t\t\t\t\t\t\t\t\t\t\t\t\t\t\t\t\t\t\t\t\t\t\t\t\t\t\t\t\t\t\t\t\t\t\t\t\t<a href=\"https:\/\/cusquices.com\/dylan-revela-planos-para-o-futuro-com-ines-e-volta-a-atirar-se-a-producao-do-secret-story\/#respond\" rel=\"nofollow noopener\" target=\"_blank\"><\/p>\n<p>Dylan fala dos projetos para o futuro com In\u00eas e n\u00e3o esconde a indigna\u00e7\u00e3o com a produ\u00e7\u00e3o do Secret Story.<\/p>\n<p><strong>Dylan Fonte <\/strong>foi expulso h\u00e1 pouco mais de uma semana e, desde ent\u00e3o, n\u00e3o tem escondido a sua indigna\u00e7\u00e3o com a produ\u00e7\u00e3o do reality show. Fora da casa mais vigiada do pa\u00eds, o jovem milion\u00e1rio mant\u00e9m-se firme no apoio a In\u00eas, com quem iniciou uma rela\u00e7\u00e3o amorosa durante o programa.<\/p>\n<p>C\u00e1 fora, Dylan n\u00e3o esconde as expectativas que tem para o futuro com In\u00eas e, em conversa com a TV Guia, revelou alguns dos planos que gostaria de concretizar ao lado de In\u00eas.<\/p>\n<p>Ansioso por ver o que o futuro lhe reserva ao lado de In\u00eas, Dylan confessa: \u201c<strong>Temos que ter uma conversa quando a In\u00eas sair e quero ver o que vai acontecer, mas tem tudo para correr bem\u201d.<\/strong><\/p>\n<p><strong>\u201cSomos pessoas muito id\u00eanticas, ainda que ela seja muito cal-minha. Eu era assim um furac\u00e3o e ela acabava por me controlar um bocadinho nisso, metia-me um trav\u00e3o em certas atitudes que eu tinha, caso contr\u00e1rio, ainda ainda teria descambado mais\u201d,<\/strong> acrescentou Dylan.<\/p>\n<p>N\u00e3o houve pedido de namoro na casa mais vigiada do pa\u00eds, mas <strong>Dylan<\/strong> explica os motivos:<strong> \u201cN\u00e3o o fizemos para n\u00e3o dizerem que est\u00e1vamos a usar aquilo para jogo, como foi o caso da Liliana e do F\u00e1bio. Sab\u00edamos que faltava no m\u00e1ximo um m\u00eas para acabar e que ter\u00edamos todo o tempo do mundo para estruturar a nossa rela\u00e7\u00e3o\u201d.<\/strong><\/p>\n<p>A dist\u00e2ncia, para Dylan n\u00e3o ser\u00e1 problema, e est\u00e1 disposto a mudar-se para o Montijo para ficar mais perto de In\u00eas: <strong>\u201cVamos ter que fazer uma gest\u00e3o, ainda que eu tenha essa capacidade de, neste momento, de vir viver para c\u00e1. Tenho casa l\u00e1 em cima, mas posso p\u00f4r a alugar. N\u00e3o tenho problema nenhum em arranjar qualquer tipo de trabalho\u201d.<\/strong><\/p>\n<p>O jovem de Viana do Castelo confessa que j\u00e1 tinha falado com In\u00eas sobre os planos para o futuro: <strong>\u201cA nossa ideia passa um bocadinho por a\u00ed, trabalharmos com as redes sociais e tentarmos fazer algo em torno disso, a n\u00edvel de redes sociais. Vamos ver como corre\u201d.<\/strong><\/p>\n<p>Apesar da sua participa\u00e7\u00e3o no programa lhe ter trazido In\u00eas, Dylan n\u00e3o esconde a indigna\u00e7\u00e3o com a TVI e volta a atirar \u2018farpas\u2019 \u00e0 produ\u00e7\u00e3o: <strong>\u201cFiquei um pouco traumatizado com tudo o que vivi l\u00e1 dentro e percebi que h\u00e1 concorrentes que s\u00e3o levados ao colo, uns que s\u00e3o filhos outros enteados. A mim coube-me o papel de vil\u00e3o, pelos vistos\u201d<\/strong>.<\/p>\n<p>Dylan lamenta profundamente que a produ\u00e7\u00e3o nunca o tenha alertado para o pesadelo que a sua fam\u00edlia vivia c\u00e1 fora, nem para os pedidos insistentes <strong>\u201cde que era urgente que eu sa\u00edsse\u201d. <\/strong>Indignado, Dylan lamenta que a produ\u00e7\u00e3o tenha ignorado os pedidos da fam\u00edlia e ainda negligenciado o seu estado de sa\u00fade, que pediu para desistir e insistiram para que continuasse: <strong>\u201cEles j\u00e1 sabiam que estava mesmo mal e disse-lhes que isto j\u00e1 estava a ser prejudicial para a minha sa\u00fade\u201d.<\/strong><\/p>\n<p><strong>Leia tamb\u00e9m:<\/strong><\/p>\n<p>\t\t\t\t\t\t\t\t\t\t\t\t\t\t\t\t\t\t\t\t\t\t\t\t\t<img decoding=\"async\" src=\"https:\/\/www.europesays.com\/pt\/wp-content\/uploads\/2025\/10\/cusquices-logo-52x.png\" class=\"webpexpress-processed\"\/><\/p>\n<p>\t\t\t\t\t\t\t\t\t\t\t\t\t\t\t\t\t\t\t\t\t            \t\t\t\t\t\t\t\t\t\t\t\t\t\t\t\t\t\t\t\t\t\t\t\t\t\t\t\t\t\t\t\t\t\t\t\t\t\t\t<script async src=\"https:\/\/platform.twitter.com\/widgets.js\" charset=\"utf-8\"><\/script><\/p>\n","protected":false},"excerpt":{"rendered":"Share Tweet Share Share Email Dylan fala dos projetos para o futuro com In\u00eas e n\u00e3o esconde a&hellip;\n","protected":false},"author":2,"featured_media":150980,"comment_status":"","ping_status":"","sticky":false,"template":"","format":"standard","meta":{"footnotes":""},"categories":[8],"tags":[27,28,2632,49,21040,15,16,14,25393,25,26,21,22,12,13,19,20,32,23,24,33,17,18,29,30,31],"class_list":{"0":"post-182979","1":"post","2":"type-post","3":"status-publish","4":"format-standard","5":"has-post-thumbnail","7":"category-principais-noticias","8":"tag-breaking-news","9":"tag-breakingnews","10":"tag-casa-dos-segredos","11":"tag-destaques","12":"tag-dylan-fonte","13":"tag-featured-news","14":"tag-featurednews","15":"tag-headlines","16":"tag-ines-gama","17":"tag-latest-news","18":"tag-latestnews","19":"tag-main-news","20":"tag-mainnews","21":"tag-news","22":"tag-noticias","23":"tag-noticias-principais","24":"tag-noticiasprincipais","25":"tag-portugal","26":"tag-principais-noticias","27":"tag-principaisnoticias","28":"tag-pt","29":"tag-top-stories","30":"tag-topstories","31":"tag-ultimas","32":"tag-ultimas-noticias","33":"tag-ultimasnoticias"},"share_on_mastodon":{"url":"https:\/\/pubeurope.com\/@pt\/115696152894097276","error":""},"_links":{"self":[{"href":"https:\/\/www.europesays.com\/pt\/wp-json\/wp\/v2\/posts\/182979","targetHints":{"allow":["GET"]}}],"collection":[{"href":"https:\/\/www.europesays.com\/pt\/wp-json\/wp\/v2\/posts"}],"about":[{"href":"https:\/\/www.europesays.com\/pt\/wp-json\/wp\/v2\/types\/post"}],"author":[{"embeddable":true,"href":"https:\/\/www.europesays.com\/pt\/wp-json\/wp\/v2\/users\/2"}],"replies":[{"embeddable":true,"href":"https:\/\/www.europesays.com\/pt\/wp-json\/wp\/v2\/comments?post=182979"}],"version-history":[{"count":0,"href":"https:\/\/www.europesays.com\/pt\/wp-json\/wp\/v2\/posts\/182979\/revisions"}],"wp:featuredmedia":[{"embeddable":true,"href":"https:\/\/www.europesays.com\/pt\/wp-json\/wp\/v2\/media\/150980"}],"wp:attachment":[{"href":"https:\/\/www.europesays.com\/pt\/wp-json\/wp\/v2\/media?parent=182979"}],"wp:term":[{"taxonomy":"category","embeddable":true,"href":"https:\/\/www.europesays.com\/pt\/wp-json\/wp\/v2\/categories?post=182979"},{"taxonomy":"post_tag","embeddable":true,"href":"https:\/\/www.europesays.com\/pt\/wp-json\/wp\/v2\/tags?post=182979"}],"curies":[{"name":"wp","href":"https:\/\/api.w.org\/{rel}","templated":true}]}}