{"id":182988,"date":"2025-12-10T16:19:11","date_gmt":"2025-12-10T16:19:11","guid":{"rendered":"https:\/\/www.europesays.com\/pt\/182988\/"},"modified":"2025-12-10T16:19:11","modified_gmt":"2025-12-10T16:19:11","slug":"combate-a-doencas-tropicais-e-tema-de-projeto-pronto-para-votacao-final","status":"publish","type":"post","link":"https:\/\/www.europesays.com\/pt\/182988\/","title":{"rendered":"Combate a doen\u00e7as tropicais \u00e9 tema de projeto pronto para vota\u00e7\u00e3o final"},"content":{"rendered":"<p>Em reuni\u00e3o nesta quarta-feira (10\/12\/95), a Comiss\u00e3o de Sa\u00fade aprovou parecer de 2\u00ba turno favor\u00e1vel ao\u00a0<a href=\"https:\/\/www.almg.gov.br\/atividade-parlamentar\/projetos-de-lei\/projeto\/?tipo=PL&amp;num=1603&amp;ano=2023\" rel=\"nofollow noopener\" target=\"_blank\">Projeto de Lei (PL) 1.603\/23<\/a>, de enfrentamento \u00e0s\u00a0<strong>doen\u00e7as tropicais negligenciadas (DTNs)<\/strong>, que\u00a0atingem popula\u00e7\u00f5es vulner\u00e1veis e muitas vezes esquecidas. Com isso, a proposta est\u00e1 pronta para vota\u00e7\u00e3o final no Plen\u00e1rio da Assembleia Legislativa de Minas Gerais (ALMG).<\/p>\n<p>O relator e presidente da comiss\u00e3o, deputado Arlen Santiago (Avante), n\u00e3o sugeriu novas mudan\u00e7as no texto. Ele opinou por manter o mesmo conte\u00fado do vencido, ou seja, aquele aprovado pelo Plen\u00e1rio durante a tramita\u00e7\u00e3o em 1\u00ba turno.<\/p>\n<p>O PL tem como autor o deputado Doutor Jean Freire (PT). Segundo ele, as DTNs desafiam a sa\u00fade p\u00fablica, incluindo por exemplo\u00a0<strong>leishmaniose<\/strong>,\u00a0<strong>esquistossomose<\/strong>\u00a0e\u00a0<strong>doen\u00e7a de Chagas<\/strong>, doen\u00e7as end\u00eamicas em v\u00e1rias regi\u00f5es do Estado e que impactam de maneira desproporcional as comunidades mais vulner\u00e1veis.<\/p>\n<p>Conforme aprovado at\u00e9 aqui pelo Plen\u00e1rio, fica institu\u00edda no Estado a\u00a0pol\u00edtica de preven\u00e7\u00e3o e enfrentamento \u00e0s Doen\u00e7as Tropicais Negligenciadas, definidas como grupo de doen\u00e7as e agravos\u00a0resultantes de processos de desigualdades e vulnerabiliza\u00e7\u00e3o de territ\u00f3rios, comunidades e pessoas em contextos econ\u00f4micos, sociais e ambientais desfavor\u00e1veis.<\/p>\n<p>De acordo com o projeto, s\u00e3o cinco as diretrizes da pol\u00edtica:<\/p>\n<ul class=\"wp-block-list\">\n<li>enfrentamento da fome e da pobreza para mitigar vulnerabilidades<\/li>\n<li>redu\u00e7\u00e3o das iniquidades e amplia\u00e7\u00e3o dos direitos humanos e prote\u00e7\u00e3o social em popula\u00e7\u00f5es e territ\u00f3rios priorit\u00e1rios<\/li>\n<li>intensifica\u00e7\u00e3o da qualifica\u00e7\u00e3o e da capacidade de comunica\u00e7\u00e3o dos trabalhadores, movimentos sociais e organiza\u00e7\u00f5es da sociedade civil sobre as causas e formas de preven\u00e7\u00e3o das doen\u00e7as tropicais negligenciadas<\/li>\n<li>incentivo \u00e0 ci\u00eancia, tecnologia e inova\u00e7\u00e3o<\/li>\n<li>amplia\u00e7\u00e3o de a\u00e7\u00f5es de infraestrutura e saneamento b\u00e1sico e ambiental<\/li>\n<\/ul>\n<p>Acesso a tratamento<\/p>\n<p>O texto referendado pela comiss\u00e3o para o 2\u00ba turno traz como objetivos da pol\u00edtica estadual eliminar as doen\u00e7as e as infec\u00e7\u00f5es determinadas socialmente como problemas de sa\u00fade p\u00fablica; melhorar a qualidade de vida dos cidad\u00e3os;\u00a0promover campanhas\u00a0sobre as doen\u00e7as tropicais negligenciadas;\u00a0monitorar a incid\u00eancia\u00a0dessas doen\u00e7as em todo o Estado e divulgar essa informa\u00e7\u00e3o; e\u00a0garantir o acesso ao tratamento e aos medicamentos\u00a0prescritos aos pacientes.\u00a0<\/p>\n<p>Conforme o autor do projeto, o Estado precisa reconhecer a necessidade de uma abordagem mais proativa e eficaz\u00a0para lidar com um grupo de doen\u00e7as que afeta, em sua maioria, as popula\u00e7\u00f5es de baixa renda, que historicamente t\u00eam recebido aten\u00e7\u00e3o limitada e recursos insuficientes.\u00a0<\/p>\n<p>As DTNs, acrescenta, frequentemente ainda levam a impactos econ\u00f4micos negativos devido a custos crescentes de tratamento e perda de produtividade das pessoas.\u00a0<\/p>\n<p>Problema cr\u00edtico<\/p>\n<p>No parecer, o deputado Arlen Santiago refor\u00e7ou dados ressaltados pela comiss\u00e3o, quando da an\u00e1lise inicial do projeto, em que foram apontadas informa\u00e7\u00f5es contidas em boletim epidemiol\u00f3gico do Minist\u00e9rio da Sa\u00fade publicado em janeiro de 2024.\u00a0<\/p>\n<p>O documento aponta,\u00a0no quinqu\u00eanio 2016-2020, a identica\u00e7\u00e3o de\u00a0quase 584 mil novos casos de doen\u00e7as tropicais negligenciadas, com cerca de 41 mil \u00f3bitos.\u00a0Para o relator, isso demonstra que esse grupo de doen\u00e7as persiste como problema cr\u00edtico de sa\u00fade p\u00fablica associado a contextos de vulnerabilidade social.<\/p>\n<p>Com informa\u00e7\u00f5es do site oficial da Assembleia Legislativa de Minas Gerais<\/p>\n","protected":false},"excerpt":{"rendered":"Em reuni\u00e3o nesta quarta-feira (10\/12\/95), a Comiss\u00e3o de Sa\u00fade aprovou parecer de 2\u00ba turno favor\u00e1vel ao\u00a0Projeto de Lei&hellip;\n","protected":false},"author":2,"featured_media":182989,"comment_status":"","ping_status":"","sticky":false,"template":"","format":"standard","meta":{"footnotes":""},"categories":[86],"tags":[37340,37341,37342,1661,37343,116,32,10770,33,117],"class_list":{"0":"post-182988","1":"post","2":"type-post","3":"status-publish","4":"format-standard","5":"has-post-thumbnail","7":"category-saude","8":"tag-assembleia-legislativa-de-minas-gerais","9":"tag-combater-doencas-tropicais","10":"tag-comissao-de-saude","11":"tag-destaque","12":"tag-doencas-tropicais-negligenciadas-dtns","13":"tag-health","14":"tag-portugal","15":"tag-projeto-de-lei","16":"tag-pt","17":"tag-saude"},"share_on_mastodon":{"url":"https:\/\/pubeurope.com\/@pt\/115696183725372707","error":""},"_links":{"self":[{"href":"https:\/\/www.europesays.com\/pt\/wp-json\/wp\/v2\/posts\/182988","targetHints":{"allow":["GET"]}}],"collection":[{"href":"https:\/\/www.europesays.com\/pt\/wp-json\/wp\/v2\/posts"}],"about":[{"href":"https:\/\/www.europesays.com\/pt\/wp-json\/wp\/v2\/types\/post"}],"author":[{"embeddable":true,"href":"https:\/\/www.europesays.com\/pt\/wp-json\/wp\/v2\/users\/2"}],"replies":[{"embeddable":true,"href":"https:\/\/www.europesays.com\/pt\/wp-json\/wp\/v2\/comments?post=182988"}],"version-history":[{"count":0,"href":"https:\/\/www.europesays.com\/pt\/wp-json\/wp\/v2\/posts\/182988\/revisions"}],"wp:featuredmedia":[{"embeddable":true,"href":"https:\/\/www.europesays.com\/pt\/wp-json\/wp\/v2\/media\/182989"}],"wp:attachment":[{"href":"https:\/\/www.europesays.com\/pt\/wp-json\/wp\/v2\/media?parent=182988"}],"wp:term":[{"taxonomy":"category","embeddable":true,"href":"https:\/\/www.europesays.com\/pt\/wp-json\/wp\/v2\/categories?post=182988"},{"taxonomy":"post_tag","embeddable":true,"href":"https:\/\/www.europesays.com\/pt\/wp-json\/wp\/v2\/tags?post=182988"}],"curies":[{"name":"wp","href":"https:\/\/api.w.org\/{rel}","templated":true}]}}